{"id":89722,"date":"2022-11-08T21:03:24","date_gmt":"2022-11-09T00:03:24","guid":{"rendered":"https:\/\/blogdoedvaldomagalhaes.com.br\/?p=89722"},"modified":"2022-11-08T21:15:59","modified_gmt":"2022-11-09T00:15:59","slug":"individuo-colide-em-moto-da-rocam-em-caruaru-e-e-preso","status":"publish","type":"post","link":"https:\/\/blogdoedvaldomagalhaes.com.br\/index.php\/2022\/11\/08\/individuo-colide-em-moto-da-rocam-em-caruaru-e-e-preso\/","title":{"rendered":"Indiv\u00edduo colide em moto da Rocam em Caruaru e \u00e9 preso"},"content":{"rendered":"<p style=\"text-align: justify;\">Na noite desta ter\u00e7a-feira (08.11), o condutor de uma motocicleta com sintomas de alcoolemia colidiu em uma das motocicletas da equipe Rocam do 1\u00b0 BIESp na BR-232, em Caruaru.<\/p>\n<p style=\"text-align: justify;\">A moto do suspeito atingiu uma das motos da Rocam e tamb\u00e9m colidiu em um carro que passava pelo local. A Pol\u00edcia Rodovi\u00e1ria Federal esteve prestando apoio aos PMs. Os policiais est\u00e3o bem e o indiv\u00edduo est\u00e1 sendo apresentado na Delegacia de Pol\u00edcia Civil. Ele\u00a0 estava com uma pequena quantidade de maconha em um dos bolsos.<\/p>\n<p style=\"text-align: justify;\">Do Portal Caruaru 24 horas \/ Kalebe Pereira.<\/p>\n<p>Siga o Instagram @blogdoedvaldomagalhaes<\/p>\n<p>Se inscreva no canal do Blog no YouTube.<\/p>\n\n\n<figure class=\"wp-block-image size-large\"><img loading=\"lazy\" decoding=\"async\" width=\"769\" height=\"1024\" src=\"https:\/\/blogdoedvaldomagalhaes.com.br\/wp-content\/uploads\/2022\/11\/IMG-20221108-WA0204-769x1024.jpg\" alt=\"\" class=\"wp-image-89724\" srcset=\"https:\/\/blogdoedvaldomagalhaes.com.br\/wp-content\/uploads\/2022\/11\/IMG-20221108-WA0204-769x1024.jpg 769w, https:\/\/blogdoedvaldomagalhaes.com.br\/wp-content\/uploads\/2022\/11\/IMG-20221108-WA0204-225x300.jpg 225w, https:\/\/blogdoedvaldomagalhaes.com.br\/wp-content\/uploads\/2022\/11\/IMG-20221108-WA0204-768x1023.jpg 768w, https:\/\/blogdoedvaldomagalhaes.com.br\/wp-content\/uploads\/2022\/11\/IMG-20221108-WA0204-1153x1536.jpg 1153w, https:\/\/blogdoedvaldomagalhaes.com.br\/wp-content\/uploads\/2022\/11\/IMG-20221108-WA0204.jpg 1201w\" sizes=\"auto, (max-width: 769px) 100vw, 769px\" \/><\/figure>\n\n\n\n<figure class=\"wp-block-image size-large\"><img loading=\"lazy\" decoding=\"async\" width=\"769\" height=\"1024\" src=\"https:\/\/blogdoedvaldomagalhaes.com.br\/wp-content\/uploads\/2022\/11\/IMG-20221108-WA0202-769x1024.jpg\" alt=\"\" class=\"wp-image-89725\" srcset=\"https:\/\/blogdoedvaldomagalhaes.com.br\/wp-content\/uploads\/2022\/11\/IMG-20221108-WA0202-769x1024.jpg 769w, https:\/\/blogdoedvaldomagalhaes.com.br\/wp-content\/uploads\/2022\/11\/IMG-20221108-WA0202-225x300.jpg 225w, https:\/\/blogdoedvaldomagalhaes.com.br\/wp-content\/uploads\/2022\/11\/IMG-20221108-WA0202-768x1023.jpg 768w, https:\/\/blogdoedvaldomagalhaes.com.br\/wp-content\/uploads\/2022\/11\/IMG-20221108-WA0202-1153x1536.jpg 1153w, https:\/\/blogdoedvaldomagalhaes.com.br\/wp-content\/uploads\/2022\/11\/IMG-20221108-WA0202.jpg 1201w\" sizes=\"auto, (max-width: 769px) 100vw, 769px\" \/><figcaption>Fotos: Kalebe Pereira <\/figcaption><\/figure>\n","protected":false},"excerpt":{"rendered":"<p>Na noite desta ter\u00e7a-feira (08.11), o condutor de uma motocicleta com sintomas de alcoolemia colidiu em uma das motocicletas da&hellip;<\/p>\n","protected":false},"author":1,"featured_media":89723,"comment_status":"closed","ping_status":"open","sticky":false,"template":"","format":"standard","meta":{"footnotes":""},"categories":[14121],"tags":[2,19532,3406,26019],"class_list":["post-89722","post","type-post","status-publish","format-standard","has-post-thumbnail","hentry","category-policial","tag-blog-do-edvaldo-magalhaes","tag-blog-mais-acessado-e-visualizado-de-caruaru-e-regiao","tag-caruaru","tag-individuo-colide-em-moto-da-rocam-em-caruaru-e-e-preso"],"_links":{"self":[{"href":"https:\/\/blogdoedvaldomagalhaes.com.br\/index.php\/wp-json\/wp\/v2\/posts\/89722","targetHints":{"allow":["GET"]}}],"collection":[{"href":"https:\/\/blogdoedvaldomagalhaes.com.br\/index.php\/wp-json\/wp\/v2\/posts"}],"about":[{"href":"https:\/\/blogdoedvaldomagalhaes.com.br\/index.php\/wp-json\/wp\/v2\/types\/post"}],"author":[{"embeddable":true,"href":"https:\/\/blogdoedvaldomagalhaes.com.br\/index.php\/wp-json\/wp\/v2\/users\/1"}],"replies":[{"embeddable":true,"href":"https:\/\/blogdoedvaldomagalhaes.com.br\/index.php\/wp-json\/wp\/v2\/comments?post=89722"}],"version-history":[{"count":2,"href":"https:\/\/blogdoedvaldomagalhaes.com.br\/index.php\/wp-json\/wp\/v2\/posts\/89722\/revisions"}],"predecessor-version":[{"id":89728,"href":"https:\/\/blogdoedvaldomagalhaes.com.br\/index.php\/wp-json\/wp\/v2\/posts\/89722\/revisions\/89728"}],"wp:featuredmedia":[{"embeddable":true,"href":"https:\/\/blogdoedvaldomagalhaes.com.br\/index.php\/wp-json\/wp\/v2\/media\/89723"}],"wp:attachment":[{"href":"https:\/\/blogdoedvaldomagalhaes.com.br\/index.php\/wp-json\/wp\/v2\/media?parent=89722"}],"wp:term":[{"taxonomy":"category","embeddable":true,"href":"https:\/\/blogdoedvaldomagalhaes.com.br\/index.php\/wp-json\/wp\/v2\/categories?post=89722"},{"taxonomy":"post_tag","embeddable":true,"href":"https:\/\/blogdoedvaldomagalhaes.com.br\/index.php\/wp-json\/wp\/v2\/tags?post=89722"}],"curies":[{"name":"wp","href":"https:\/\/api.w.org\/{rel}","templated":true}]}}