{"id":89716,"date":"2022-11-08T18:43:18","date_gmt":"2022-11-08T21:43:18","guid":{"rendered":"https:\/\/blogdoedvaldomagalhaes.com.br\/?p=89716"},"modified":"2022-11-08T18:43:19","modified_gmt":"2022-11-08T21:43:19","slug":"mototaxista-que-estava-desaparecido-e-encontrado-morto-em-acude-em-caruaru","status":"publish","type":"post","link":"https:\/\/blogdoedvaldomagalhaes.com.br\/index.php\/2022\/11\/08\/mototaxista-que-estava-desaparecido-e-encontrado-morto-em-acude-em-caruaru\/","title":{"rendered":"Mototaxista que estava desaparecido \u00e9 encontrado morto em a\u00e7ude em Caruaru"},"content":{"rendered":"<p style=\"text-align: justify;\">Na manh\u00e3 de ter\u00e7a-feira (08.11), a Pol\u00edcia Militar foi informada que o mototaxista Francisco Manoel da Silva, de 57 anos de idade, que estava desaparecido desde o domingo (06.11), foi localizado morto no a\u00e7ude Dr Vieira, pr\u00f3ximo ao Hospital Regional do Agreste (HRA).<span style=\"font-size: revert; color: initial;\"> O corpo foi levado ao IML de Caruaru. A Pol\u00edcia Civil est\u00e1 investigando o caso.<\/span><\/p>\n<p style=\"text-align: justify;\">Segundo informa\u00e7\u00f5es, Francisco foi visto pela \u00faltima vez \u00e0s 14h do domingo (06.11), saindo de casa na sua motocicleta para realizar uma corrida, j\u00e1 que era mototaxista. A suspeita \u00e9 de que Francisco tenha morrido afogado, uma vez que o corpo foi encontrado boiando no a\u00e7ude. A<span style=\"font-size: revert; color: initial;\"> fam\u00edlia<\/span><span style=\"color: initial; font-size: revert;\">e esteve no local e reconheceu o corpo de Francisco.<\/span><\/p>\n<p style=\"text-align: justify;\">Informa\u00e7\u00f5es e fotos: Kalebe Pereira\/Caruaru 24 Horas.<\/p>\n<p style=\"text-align: justify;\">Siga o Instagram @blogdoedvaldomagalhaes<\/p>\n<p style=\"text-align: justify;\">Se inscreva no canal do Blog no YouTube.<\/p>\n\n\n<figure class=\"wp-block-image size-large\"><img loading=\"lazy\" decoding=\"async\" width=\"1024\" height=\"460\" src=\"https:\/\/blogdoedvaldomagalhaes.com.br\/wp-content\/uploads\/2022\/11\/IMG-20221108-WA0181-1024x460.jpg\" alt=\"\" class=\"wp-image-89718\" srcset=\"https:\/\/blogdoedvaldomagalhaes.com.br\/wp-content\/uploads\/2022\/11\/IMG-20221108-WA0181-1024x460.jpg 1024w, https:\/\/blogdoedvaldomagalhaes.com.br\/wp-content\/uploads\/2022\/11\/IMG-20221108-WA0181-300x135.jpg 300w, https:\/\/blogdoedvaldomagalhaes.com.br\/wp-content\/uploads\/2022\/11\/IMG-20221108-WA0181-768x345.jpg 768w, https:\/\/blogdoedvaldomagalhaes.com.br\/wp-content\/uploads\/2022\/11\/IMG-20221108-WA0181-1536x690.jpg 1536w, https:\/\/blogdoedvaldomagalhaes.com.br\/wp-content\/uploads\/2022\/11\/IMG-20221108-WA0181.jpg 1600w\" sizes=\"auto, (max-width: 1024px) 100vw, 1024px\" \/><\/figure>\n\n\n\n<figure class=\"wp-block-image size-large\"><img loading=\"lazy\" decoding=\"async\" width=\"1024\" height=\"460\" src=\"https:\/\/blogdoedvaldomagalhaes.com.br\/wp-content\/uploads\/2022\/11\/IMG-20221108-WA0178-1024x460.jpg\" alt=\"\" class=\"wp-image-89719\" srcset=\"https:\/\/blogdoedvaldomagalhaes.com.br\/wp-content\/uploads\/2022\/11\/IMG-20221108-WA0178-1024x460.jpg 1024w, https:\/\/blogdoedvaldomagalhaes.com.br\/wp-content\/uploads\/2022\/11\/IMG-20221108-WA0178-300x135.jpg 300w, https:\/\/blogdoedvaldomagalhaes.com.br\/wp-content\/uploads\/2022\/11\/IMG-20221108-WA0178-768x345.jpg 768w, https:\/\/blogdoedvaldomagalhaes.com.br\/wp-content\/uploads\/2022\/11\/IMG-20221108-WA0178-1536x690.jpg 1536w, https:\/\/blogdoedvaldomagalhaes.com.br\/wp-content\/uploads\/2022\/11\/IMG-20221108-WA0178.jpg 1600w\" sizes=\"auto, (max-width: 1024px) 100vw, 1024px\" \/><\/figure>\n\n\n\n<figure class=\"wp-block-image size-full\"><img loading=\"lazy\" decoding=\"async\" width=\"450\" height=\"370\" src=\"https:\/\/blogdoedvaldomagalhaes.com.br\/wp-content\/uploads\/2022\/11\/IMG-20221108-WA0177.jpg\" alt=\"\" class=\"wp-image-89720\" srcset=\"https:\/\/blogdoedvaldomagalhaes.com.br\/wp-content\/uploads\/2022\/11\/IMG-20221108-WA0177.jpg 450w, https:\/\/blogdoedvaldomagalhaes.com.br\/wp-content\/uploads\/2022\/11\/IMG-20221108-WA0177-300x247.jpg 300w\" sizes=\"auto, (max-width: 450px) 100vw, 450px\" \/><figcaption>V\u00edtima<\/figcaption><\/figure>\n","protected":false},"excerpt":{"rendered":"<p>Na manh\u00e3 de ter\u00e7a-feira (08.11), a Pol\u00edcia Militar foi informada que o mototaxista Francisco Manoel da Silva, de 57 anos&hellip;<\/p>\n","protected":false},"author":1,"featured_media":89717,"comment_status":"closed","ping_status":"open","sticky":false,"template":"","format":"standard","meta":{"footnotes":""},"categories":[14121],"tags":[2,19532,3406,26018],"class_list":["post-89716","post","type-post","status-publish","format-standard","has-post-thumbnail","hentry","category-policial","tag-blog-do-edvaldo-magalhaes","tag-blog-mais-acessado-e-visualizado-de-caruaru-e-regiao","tag-caruaru","tag-mototaxista-que-estava-desaparecido-e-encontrado-morto-em-acude-em-caruaru"],"_links":{"self":[{"href":"https:\/\/blogdoedvaldomagalhaes.com.br\/index.php\/wp-json\/wp\/v2\/posts\/89716","targetHints":{"allow":["GET"]}}],"collection":[{"href":"https:\/\/blogdoedvaldomagalhaes.com.br\/index.php\/wp-json\/wp\/v2\/posts"}],"about":[{"href":"https:\/\/blogdoedvaldomagalhaes.com.br\/index.php\/wp-json\/wp\/v2\/types\/post"}],"author":[{"embeddable":true,"href":"https:\/\/blogdoedvaldomagalhaes.com.br\/index.php\/wp-json\/wp\/v2\/users\/1"}],"replies":[{"embeddable":true,"href":"https:\/\/blogdoedvaldomagalhaes.com.br\/index.php\/wp-json\/wp\/v2\/comments?post=89716"}],"version-history":[{"count":1,"href":"https:\/\/blogdoedvaldomagalhaes.com.br\/index.php\/wp-json\/wp\/v2\/posts\/89716\/revisions"}],"predecessor-version":[{"id":89721,"href":"https:\/\/blogdoedvaldomagalhaes.com.br\/index.php\/wp-json\/wp\/v2\/posts\/89716\/revisions\/89721"}],"wp:featuredmedia":[{"embeddable":true,"href":"https:\/\/blogdoedvaldomagalhaes.com.br\/index.php\/wp-json\/wp\/v2\/media\/89717"}],"wp:attachment":[{"href":"https:\/\/blogdoedvaldomagalhaes.com.br\/index.php\/wp-json\/wp\/v2\/media?parent=89716"}],"wp:term":[{"taxonomy":"category","embeddable":true,"href":"https:\/\/blogdoedvaldomagalhaes.com.br\/index.php\/wp-json\/wp\/v2\/categories?post=89716"},{"taxonomy":"post_tag","embeddable":true,"href":"https:\/\/blogdoedvaldomagalhaes.com.br\/index.php\/wp-json\/wp\/v2\/tags?post=89716"}],"curies":[{"name":"wp","href":"https:\/\/api.w.org\/{rel}","templated":true}]}}