{"id":89713,"date":"2022-11-08T17:36:05","date_gmt":"2022-11-08T20:36:05","guid":{"rendered":"https:\/\/blogdoedvaldomagalhaes.com.br\/?p=89713"},"modified":"2022-11-08T17:36:06","modified_gmt":"2022-11-08T20:36:06","slug":"jorge-quintino-fala-sobre-seu-retorno-a-camara-de-vereadores-durante-entrevista","status":"publish","type":"post","link":"https:\/\/blogdoedvaldomagalhaes.com.br\/index.php\/2022\/11\/08\/jorge-quintino-fala-sobre-seu-retorno-a-camara-de-vereadores-durante-entrevista\/","title":{"rendered":"Jorge Quintino fala sobre seu retorno \u00e0 C\u00e2mara de Vereadores durante entrevista"},"content":{"rendered":"<p style=\"text-align: justify;\"><span style=\"font-size: revert; color: initial;\">Durante entrevista realizada na manh\u00e3 desta ter\u00e7a-feira (8), na R\u00e1dio Cidade de Caruaru, o vereador Jorge Quintino (SD) dialogou sobre p\u00f3s elei\u00e7\u00f5es, objetivos enquanto parlamentar e falou do seu retorno \u00e0 Casa Jornalista Jos\u00e9 Carlos Flor\u00eancio.<\/span><\/p>\n<p style=\"text-align: justify;\">Jorge Quintino comentou que sua campanha para deputado federal foi executada de forma limpa e conceitual, construindo em conjunto outros caminhos democr\u00e1ticos com representa\u00e7\u00f5es em dados quantitativos, atrav\u00e9s de ideias que foram apresentadas para a popula\u00e7\u00e3o.<\/p>\n<p style=\"text-align: justify;\">\u201cGostaria de agradecer a todos que acreditaram em minhas propostas e que votaram em mim. Me sinto com uma boa representatividade atrav\u00e9s desta constru\u00e7\u00e3o hist\u00f3rica. Com meu retorno ao Legislativo, pretendo continuar ouvindo a popula\u00e7\u00e3o, aprendendo e buscando sempre o melhor para todos\u201d, destacou.<\/p>\n<p style=\"text-align: justify;\">O vereador parabenizou Luiz In\u00e1cio Lula da Silva pela vit\u00f3ria para a presid\u00eancia do Brasil, e tamb\u00e9m Raquel Lyra, eleita governadora de Pernambuco. \u201cEstou feliz pelo novo cen\u00e1rio pol\u00edtico que est\u00e1 se estabelecendo em Pernambuco e no Brasil. Me coloco \u00e0 disposi\u00e7\u00e3o para agregar e ajudar no que for preciso para o crescimento do nosso povo\u201d, finalizou Jorge Quintino.<\/p>\n<p style=\"text-align: justify;\">O vereador retoma suas atividades na C\u00e2mara de Vereadores de Caruaru nesta quarta-feira (9), com projetos para o fortalecimento de semelhan\u00e7as que s\u00e3o de interesse de todos os caruaruenses. Foto: Divulga\u00e7\u00e3o.<\/p>\n<p style=\"text-align: justify;\">Siga o Instagram @blogdoedvaldomagalhaes<\/p>\n<p style=\"text-align: justify;\">Se inscreva no canal do Blog no YouTube.<\/p>\n","protected":false},"excerpt":{"rendered":"<p>Durante entrevista realizada na manh\u00e3 desta ter\u00e7a-feira (8), na R\u00e1dio Cidade de Caruaru, o vereador Jorge Quintino (SD) dialogou sobre&hellip;<\/p>\n","protected":false},"author":1,"featured_media":89714,"comment_status":"closed","ping_status":"open","sticky":false,"template":"","format":"standard","meta":{"footnotes":""},"categories":[14122],"tags":[2,19532,3406,26017,20],"class_list":["post-89713","post","type-post","status-publish","format-standard","has-post-thumbnail","hentry","category-politica","tag-blog-do-edvaldo-magalhaes","tag-blog-mais-acessado-e-visualizado-de-caruaru-e-regiao","tag-caruaru","tag-jorge-quintino-fala-sobre-seu-retorno-a-camara-de-vereadores-durante-entrevista","tag-politica"],"_links":{"self":[{"href":"https:\/\/blogdoedvaldomagalhaes.com.br\/index.php\/wp-json\/wp\/v2\/posts\/89713","targetHints":{"allow":["GET"]}}],"collection":[{"href":"https:\/\/blogdoedvaldomagalhaes.com.br\/index.php\/wp-json\/wp\/v2\/posts"}],"about":[{"href":"https:\/\/blogdoedvaldomagalhaes.com.br\/index.php\/wp-json\/wp\/v2\/types\/post"}],"author":[{"embeddable":true,"href":"https:\/\/blogdoedvaldomagalhaes.com.br\/index.php\/wp-json\/wp\/v2\/users\/1"}],"replies":[{"embeddable":true,"href":"https:\/\/blogdoedvaldomagalhaes.com.br\/index.php\/wp-json\/wp\/v2\/comments?post=89713"}],"version-history":[{"count":1,"href":"https:\/\/blogdoedvaldomagalhaes.com.br\/index.php\/wp-json\/wp\/v2\/posts\/89713\/revisions"}],"predecessor-version":[{"id":89715,"href":"https:\/\/blogdoedvaldomagalhaes.com.br\/index.php\/wp-json\/wp\/v2\/posts\/89713\/revisions\/89715"}],"wp:featuredmedia":[{"embeddable":true,"href":"https:\/\/blogdoedvaldomagalhaes.com.br\/index.php\/wp-json\/wp\/v2\/media\/89714"}],"wp:attachment":[{"href":"https:\/\/blogdoedvaldomagalhaes.com.br\/index.php\/wp-json\/wp\/v2\/media?parent=89713"}],"wp:term":[{"taxonomy":"category","embeddable":true,"href":"https:\/\/blogdoedvaldomagalhaes.com.br\/index.php\/wp-json\/wp\/v2\/categories?post=89713"},{"taxonomy":"post_tag","embeddable":true,"href":"https:\/\/blogdoedvaldomagalhaes.com.br\/index.php\/wp-json\/wp\/v2\/tags?post=89713"}],"curies":[{"name":"wp","href":"https:\/\/api.w.org\/{rel}","templated":true}]}}