{"id":89710,"date":"2022-11-08T17:06:38","date_gmt":"2022-11-08T20:06:38","guid":{"rendered":"https:\/\/blogdoedvaldomagalhaes.com.br\/?p=89710"},"modified":"2022-11-08T17:06:40","modified_gmt":"2022-11-08T20:06:40","slug":"raquel-lyra-anuncia-priscila-krause-como-coordenadora-da-sua-equipe-de-transicao","status":"publish","type":"post","link":"https:\/\/blogdoedvaldomagalhaes.com.br\/index.php\/2022\/11\/08\/raquel-lyra-anuncia-priscila-krause-como-coordenadora-da-sua-equipe-de-transicao\/","title":{"rendered":"Raquel Lyra anuncia Priscila Krause como coordenadora da sua equipe de transi\u00e7\u00e3o"},"content":{"rendered":"<p style=\"text-align: justify;\"><span style=\"font-size: revert; color: initial;\">A governadora eleita, Raquel Lyra (PSDB), anunciou, nesta ter\u00e7a-feira (8), que a vice-governadora eleita, a deputada estadual Priscila Krause (Cidadania), ser\u00e1 a coordenadora da equipe de transi\u00e7\u00e3o junto ao Governo de Pernambuco.<\/span><\/p>\n<p style=\"text-align: justify;\">O atual governador Paulo C\u00e2mara (PSB) assinou o ato que nomeia a Comiss\u00e3o de Transi\u00e7\u00e3o Governamental no \u00faltimo dia 31, para repassar as informa\u00e7\u00f5es oficiais \u00e0 equipe de Raquel Lyra. A<span style=\"font-size: revert; color: initial;\"> comiss\u00e3o da atual gest\u00e3o ser\u00e1 coordenada pelo secret\u00e1rio da Casa Civil, Jos\u00e9 Neto, e contar\u00e1 ainda com os secret\u00e1rios Alexandre Rebelo (Planejamento), D\u00e9cio Padilha (Fazenda), Mar\u00edlia Lins (Administra\u00e7\u00e3o) e Ernani M\u00e9dicis (Procuradoria-Geral do Estado).<\/span><\/p>\n<p style=\"text-align: justify;\">Paulo C\u00e2mara afirmou: &#8220;Nosso governo est\u00e1 \u00e0 disposi\u00e7\u00e3o para assegurar uma transi\u00e7\u00e3o transparente e profissional \u00e0 equipe de Raquel Lyra&#8221;.<\/p>\n<p style=\"text-align: justify;\">O an\u00fancio da coordenadora da transi\u00e7\u00e3o pela parte de Raquel Lyra se deu nesta ter\u00e7a por meio de nota enviada \u00e0 imprensa.<\/p>\n<p style=\"text-align: justify;\">Na semana passada, Raquel Lyra tirou tr\u00eas dias de descanso para ficar com a fam\u00edlia. Foto: Divulga\u00e7\u00e3o.<\/p>\n<p style=\"text-align: justify;\">Siga o Instagram do Blog do Edvaldo Magalh\u00e3es e se inscreva no canal do Blog no YouTube.<\/p>\n","protected":false},"excerpt":{"rendered":"<p>A governadora eleita, Raquel Lyra (PSDB), anunciou, nesta ter\u00e7a-feira (8), que a vice-governadora eleita, a deputada estadual Priscila Krause (Cidadania),&hellip;<\/p>\n","protected":false},"author":1,"featured_media":89711,"comment_status":"closed","ping_status":"open","sticky":false,"template":"","format":"standard","meta":{"footnotes":""},"categories":[14122],"tags":[2,19532,3406,20,26016],"class_list":["post-89710","post","type-post","status-publish","format-standard","has-post-thumbnail","hentry","category-politica","tag-blog-do-edvaldo-magalhaes","tag-blog-mais-acessado-e-visualizado-de-caruaru-e-regiao","tag-caruaru","tag-politica","tag-raquel-lyra-anuncia-priscila-krause-como-coordenadora-da-sua-equipe-de-transicao"],"_links":{"self":[{"href":"https:\/\/blogdoedvaldomagalhaes.com.br\/index.php\/wp-json\/wp\/v2\/posts\/89710","targetHints":{"allow":["GET"]}}],"collection":[{"href":"https:\/\/blogdoedvaldomagalhaes.com.br\/index.php\/wp-json\/wp\/v2\/posts"}],"about":[{"href":"https:\/\/blogdoedvaldomagalhaes.com.br\/index.php\/wp-json\/wp\/v2\/types\/post"}],"author":[{"embeddable":true,"href":"https:\/\/blogdoedvaldomagalhaes.com.br\/index.php\/wp-json\/wp\/v2\/users\/1"}],"replies":[{"embeddable":true,"href":"https:\/\/blogdoedvaldomagalhaes.com.br\/index.php\/wp-json\/wp\/v2\/comments?post=89710"}],"version-history":[{"count":1,"href":"https:\/\/blogdoedvaldomagalhaes.com.br\/index.php\/wp-json\/wp\/v2\/posts\/89710\/revisions"}],"predecessor-version":[{"id":89712,"href":"https:\/\/blogdoedvaldomagalhaes.com.br\/index.php\/wp-json\/wp\/v2\/posts\/89710\/revisions\/89712"}],"wp:featuredmedia":[{"embeddable":true,"href":"https:\/\/blogdoedvaldomagalhaes.com.br\/index.php\/wp-json\/wp\/v2\/media\/89711"}],"wp:attachment":[{"href":"https:\/\/blogdoedvaldomagalhaes.com.br\/index.php\/wp-json\/wp\/v2\/media?parent=89710"}],"wp:term":[{"taxonomy":"category","embeddable":true,"href":"https:\/\/blogdoedvaldomagalhaes.com.br\/index.php\/wp-json\/wp\/v2\/categories?post=89710"},{"taxonomy":"post_tag","embeddable":true,"href":"https:\/\/blogdoedvaldomagalhaes.com.br\/index.php\/wp-json\/wp\/v2\/tags?post=89710"}],"curies":[{"name":"wp","href":"https:\/\/api.w.org\/{rel}","templated":true}]}}