{"id":89707,"date":"2022-11-08T16:25:10","date_gmt":"2022-11-08T19:25:10","guid":{"rendered":"https:\/\/blogdoedvaldomagalhaes.com.br\/?p=89707"},"modified":"2022-11-08T16:25:10","modified_gmt":"2022-11-08T19:25:10","slug":"caruaru-city-anuncia-o-treinador-adelmo-soares-para-a-temporada-2023","status":"publish","type":"post","link":"https:\/\/blogdoedvaldomagalhaes.com.br\/index.php\/2022\/11\/08\/caruaru-city-anuncia-o-treinador-adelmo-soares-para-a-temporada-2023\/","title":{"rendered":"Caruaru City anuncia o treinador Adelmo Soares para a temporada 2023"},"content":{"rendered":"<p style=\"text-align: justify;\"><span style=\"font-size: revert; color: initial;\">O Caruaru City anunciou, na tarde desta ter\u00e7a-feira (8), a contrata\u00e7\u00e3o do treinador Adelmo Soares, de 61 anos, para a pr\u00f3xima temporada. O clube vai para o segundo ano na elite do futebol estadual.<\/span><\/p>\n<p style=\"text-align: justify;\">Experiente e conhecedor do futebol do Nordeste, em especial o pernambucano, Aldemo assume o comando t\u00e9cnico da equipe caruaruense visando a disputa do Campeonato Pernambucano da primeira divis\u00e3o de 2023.<\/p>\n<p style=\"text-align: justify;\">\u2013 &#8220;O que me motivou a aceitar o convite do Caruaru City foi a seriedade do trabalho de gest\u00e3o que o clube realiza. \u00c9 um projeto audacioso, desafiador e espero, junto com todos do clube, fazer um grande trabalho, destacou, Adelmo.<\/p>\n<p style=\"text-align: justify;\">De acordo com o presidente do Caruaru City, Evandro Marinho, a escolha por Adelmo refor\u00e7a a miss\u00e3o do clube para os pr\u00f3ximos anos. &#8220;O clube buscou um treinador que conhece o futebol pernambucano, com trabalho moderno e que se encaixasse para este segundo ano do futebol profissional, no qual vamos ampliar a inser\u00e7\u00e3o dos atletas da base, sem abrir m\u00e3o da competitividade&#8221;, ressaltou.<\/p>\n<p style=\"text-align: justify;\">A pr\u00e9-temporada visando estadual dever\u00e1 iniciar nas pr\u00f3ximas semanas.<\/p>\n<p style=\"text-align: justify;\">*Perfil:* Adelmo Soares de Brito nasceu em 30 de maio de 1961, em Limoeiro-PE. Apesar da vasta experi\u00eancia, \u00e9 um profissional que est\u00e1 sempre se atualizando: com forma\u00e7\u00f5es recentes em Educa\u00e7\u00e3o F\u00edsica (bacharelado) e Licen\u00e7a-A para treinadores da CBF Academia.<\/p>\n<p style=\"text-align: justify;\">Como treinador, ficou conhecido como promotor de acesso, sendo 8 s\u00f3 no Campeonato Pernambucano A2. Ele realizou trabalhos de destaque por clubes do Nordeste, entre eles, Parnahyba (PI), Central (PE), Porto (PE), Afogados (PE), Atletico Cajazeiras (PB), Guarany (CE), CSE (AL) e mais recentemente no Picos (PI).<\/p>\n<p style=\"text-align: justify;\">_Foto: Ellen Galv\u00e3o\/Caruaru City_<\/p>\n<p style=\"text-align: justify;\">Siga o Instagram do Blog do Edvaldo Magalh\u00e3es e se inscreva no canal do Blog no YouTube.<\/p>\n","protected":false},"excerpt":{"rendered":"<p>O Caruaru City anunciou, na tarde desta ter\u00e7a-feira (8), a contrata\u00e7\u00e3o do treinador Adelmo Soares, de 61 anos, para a&hellip;<\/p>\n","protected":false},"author":1,"featured_media":89708,"comment_status":"closed","ping_status":"open","sticky":false,"template":"","format":"standard","meta":{"footnotes":""},"categories":[14120],"tags":[2,19532,5372,3406,26015,3],"class_list":["post-89707","post","type-post","status-publish","format-standard","has-post-thumbnail","hentry","category-noticias","tag-blog-do-edvaldo-magalhaes","tag-blog-mais-acessado-e-visualizado-de-caruaru-e-regiao","tag-campeonato-pernambucano","tag-caruaru","tag-caruaru-city-anuncia-o-treinador-adelmo-soares-para-a-temporada-2023","tag-futebol"],"_links":{"self":[{"href":"https:\/\/blogdoedvaldomagalhaes.com.br\/index.php\/wp-json\/wp\/v2\/posts\/89707","targetHints":{"allow":["GET"]}}],"collection":[{"href":"https:\/\/blogdoedvaldomagalhaes.com.br\/index.php\/wp-json\/wp\/v2\/posts"}],"about":[{"href":"https:\/\/blogdoedvaldomagalhaes.com.br\/index.php\/wp-json\/wp\/v2\/types\/post"}],"author":[{"embeddable":true,"href":"https:\/\/blogdoedvaldomagalhaes.com.br\/index.php\/wp-json\/wp\/v2\/users\/1"}],"replies":[{"embeddable":true,"href":"https:\/\/blogdoedvaldomagalhaes.com.br\/index.php\/wp-json\/wp\/v2\/comments?post=89707"}],"version-history":[{"count":1,"href":"https:\/\/blogdoedvaldomagalhaes.com.br\/index.php\/wp-json\/wp\/v2\/posts\/89707\/revisions"}],"predecessor-version":[{"id":89709,"href":"https:\/\/blogdoedvaldomagalhaes.com.br\/index.php\/wp-json\/wp\/v2\/posts\/89707\/revisions\/89709"}],"wp:featuredmedia":[{"embeddable":true,"href":"https:\/\/blogdoedvaldomagalhaes.com.br\/index.php\/wp-json\/wp\/v2\/media\/89708"}],"wp:attachment":[{"href":"https:\/\/blogdoedvaldomagalhaes.com.br\/index.php\/wp-json\/wp\/v2\/media?parent=89707"}],"wp:term":[{"taxonomy":"category","embeddable":true,"href":"https:\/\/blogdoedvaldomagalhaes.com.br\/index.php\/wp-json\/wp\/v2\/categories?post=89707"},{"taxonomy":"post_tag","embeddable":true,"href":"https:\/\/blogdoedvaldomagalhaes.com.br\/index.php\/wp-json\/wp\/v2\/tags?post=89707"}],"curies":[{"name":"wp","href":"https:\/\/api.w.org\/{rel}","templated":true}]}}