{"id":89703,"date":"2022-11-08T12:51:45","date_gmt":"2022-11-08T15:51:45","guid":{"rendered":"https:\/\/blogdoedvaldomagalhaes.com.br\/?p=89703"},"modified":"2022-11-08T12:51:47","modified_gmt":"2022-11-08T15:51:47","slug":"guarda-municipal-de-caruaru-recupera-fios-de-energia-telefonico-furtados","status":"publish","type":"post","link":"https:\/\/blogdoedvaldomagalhaes.com.br\/index.php\/2022\/11\/08\/guarda-municipal-de-caruaru-recupera-fios-de-energia-telefonico-furtados\/","title":{"rendered":"Guarda Municipal de Caruaru recupera fios de energia\/telef\u00f4nico furtados"},"content":{"rendered":"<p style=\"text-align: justify;\"><span style=\"font-size: revert; color: initial;\">A Guarda Municipal de Caruaru (GM), no in\u00edcio desta ter\u00e7a-feira (08), por volta de 4h30, estava realizando rondas na Via Parque 2, quando recebeu a informa\u00e7\u00e3o de um mototaxista, que dois homens estariam furtando fios de energia\/telef\u00f4nicos na rua Jo\u00e3o Francisco Lisboa, no Bairro Jo\u00e3o Mota. A equipe da GM foi at\u00e9 o local indicado e constatou a veracidade da informa\u00e7\u00e3o.<\/span><\/p>\n<p style=\"text-align: justify;\">Os suspeitos foram abordados e estavam com uma grande quantidade de material furtado, al\u00e9m de uma faca. Eles foram conduzidos \u00e0 Delegacia Regional de Plant\u00e3o para serem tomadas as medidas cab\u00edveis.<\/p>\n<p style=\"text-align: justify;\">Siga o Blog do Edvaldo Magalh\u00e3es e se inscreva no canal do Blog no YouTube.<\/p>\n\n\n<figure class=\"wp-block-image size-large\"><img loading=\"lazy\" decoding=\"async\" width=\"461\" height=\"1024\" src=\"https:\/\/blogdoedvaldomagalhaes.com.br\/wp-content\/uploads\/2022\/11\/IMG-20221108-WA0062-461x1024.jpg\" alt=\"\" class=\"wp-image-89705\" srcset=\"https:\/\/blogdoedvaldomagalhaes.com.br\/wp-content\/uploads\/2022\/11\/IMG-20221108-WA0062-461x1024.jpg 461w, https:\/\/blogdoedvaldomagalhaes.com.br\/wp-content\/uploads\/2022\/11\/IMG-20221108-WA0062-135x300.jpg 135w, https:\/\/blogdoedvaldomagalhaes.com.br\/wp-content\/uploads\/2022\/11\/IMG-20221108-WA0062-691x1536.jpg 691w, https:\/\/blogdoedvaldomagalhaes.com.br\/wp-content\/uploads\/2022\/11\/IMG-20221108-WA0062.jpg 720w\" sizes=\"auto, (max-width: 461px) 100vw, 461px\" \/><figcaption>Fotos: Divulga\u00e7\u00e3o <\/figcaption><\/figure>\n","protected":false},"excerpt":{"rendered":"<p>A Guarda Municipal de Caruaru (GM), no in\u00edcio desta ter\u00e7a-feira (08), por volta de 4h30, estava realizando rondas na Via&hellip;<\/p>\n","protected":false},"author":1,"featured_media":89704,"comment_status":"closed","ping_status":"open","sticky":false,"template":"","format":"standard","meta":{"footnotes":""},"categories":[14120],"tags":[2,19532,3406,26014],"class_list":["post-89703","post","type-post","status-publish","format-standard","has-post-thumbnail","hentry","category-noticias","tag-blog-do-edvaldo-magalhaes","tag-blog-mais-acessado-e-visualizado-de-caruaru-e-regiao","tag-caruaru","tag-guarda-municipal-de-caruaru-recupera-fios-de-energia-telefonico-furtados"],"_links":{"self":[{"href":"https:\/\/blogdoedvaldomagalhaes.com.br\/index.php\/wp-json\/wp\/v2\/posts\/89703","targetHints":{"allow":["GET"]}}],"collection":[{"href":"https:\/\/blogdoedvaldomagalhaes.com.br\/index.php\/wp-json\/wp\/v2\/posts"}],"about":[{"href":"https:\/\/blogdoedvaldomagalhaes.com.br\/index.php\/wp-json\/wp\/v2\/types\/post"}],"author":[{"embeddable":true,"href":"https:\/\/blogdoedvaldomagalhaes.com.br\/index.php\/wp-json\/wp\/v2\/users\/1"}],"replies":[{"embeddable":true,"href":"https:\/\/blogdoedvaldomagalhaes.com.br\/index.php\/wp-json\/wp\/v2\/comments?post=89703"}],"version-history":[{"count":1,"href":"https:\/\/blogdoedvaldomagalhaes.com.br\/index.php\/wp-json\/wp\/v2\/posts\/89703\/revisions"}],"predecessor-version":[{"id":89706,"href":"https:\/\/blogdoedvaldomagalhaes.com.br\/index.php\/wp-json\/wp\/v2\/posts\/89703\/revisions\/89706"}],"wp:featuredmedia":[{"embeddable":true,"href":"https:\/\/blogdoedvaldomagalhaes.com.br\/index.php\/wp-json\/wp\/v2\/media\/89704"}],"wp:attachment":[{"href":"https:\/\/blogdoedvaldomagalhaes.com.br\/index.php\/wp-json\/wp\/v2\/media?parent=89703"}],"wp:term":[{"taxonomy":"category","embeddable":true,"href":"https:\/\/blogdoedvaldomagalhaes.com.br\/index.php\/wp-json\/wp\/v2\/categories?post=89703"},{"taxonomy":"post_tag","embeddable":true,"href":"https:\/\/blogdoedvaldomagalhaes.com.br\/index.php\/wp-json\/wp\/v2\/tags?post=89703"}],"curies":[{"name":"wp","href":"https:\/\/api.w.org\/{rel}","templated":true}]}}