{"id":8970,"date":"2016-07-17T15:24:00","date_gmt":"2016-07-17T18:24:00","guid":{"rendered":"http:\/\/blogdoedvaldomagalhaes.com.br\/index.php\/2016\/07\/17\/teimoso-se-destaca-entre-os-times\/"},"modified":"2019-02-09T00:51:09","modified_gmt":"2019-02-09T02:51:09","slug":"teimoso-se-destaca-entre-os-times","status":"publish","type":"post","link":"https:\/\/blogdoedvaldomagalhaes.com.br\/index.php\/2016\/07\/17\/teimoso-se-destaca-entre-os-times\/","title":{"rendered":"Teimoso se destaca entre os times amadores"},"content":{"rendered":"<div class=\"_38 direction_ltr\">\n<\/p>\n<div class=\"separator\" style=\"clear: both; text-align: center;\">\n<a href=\"https:\/\/3.bp.blogspot.com\/-9J8HZPEiC5c\/V4uhs5jxc_I\/AAAAAAAACXg\/TAx_98e1Wt4faaqvugn-Wqq52fchhL07QCLcB\/s1600\/IMG-20160717-WA0013.jpg\" imageanchor=\"1\" style=\"margin-left: 1em; margin-right: 1em;\"><img loading=\"lazy\" decoding=\"async\" border=\"0\" height=\"300\" src=\"http:\/\/blogdoedvaldomagalhaes.com.br\/wp-content\/uploads\/2016\/07\/IMG-20160717-WA0013.jpg\" width=\"400\" \/><\/a><\/div>\n<div class=\"separator\" style=\"clear: both; text-align: center;\">\n<\/div>\n<p><\/p>\n<div style=\"text-align: justify;\">\nO Teimoso FC foi fundado em 01.08.1987, \u00e9 um clube amador da cidade de Caruaru que se destaca entre as demais equipes amadoras.&nbsp;<\/div>\n<div style=\"text-align: justify;\">\n<br \/>\nSua sede \u00e9 localizada no alto da banana, na Rua Ant\u00f4nio de Calu, N\u00ba 64.&nbsp;Joga quinzenalmente, amistosamente e sem fins lucrativos.&nbsp;<\/p>\n<p>O atual presidente \u00e9 Carlos Alberto (Beto), que est\u00e1 no seu 2\u00ba mandato e vem realizando um excelente trabalho em prol do clube.<\/p>\n<p><\/p>\n<div class=\"separator\" style=\"clear: both; text-align: center;\">\n<a href=\"https:\/\/2.bp.blogspot.com\/-sDOqd53sVFA\/V4ulyU-GcvI\/AAAAAAAACYg\/c-HKG8n1ZckfLQtiEjfVd94rM-Xyov1GQCLcB\/s1600\/IMG-20160717-WA0018.jpg\" imageanchor=\"1\" style=\"margin-left: 1em; margin-right: 1em;\"><img loading=\"lazy\" decoding=\"async\" border=\"0\" height=\"300\" src=\"http:\/\/blogdoedvaldomagalhaes.com.br\/wp-content\/uploads\/2016\/07\/IMG-20160717-WA0018.jpg\" width=\"400\" \/><\/a><\/div>\n<p>Anualmente realiza uma grande festa para os diretores, atletas, s\u00f3cios e convidados. Este ano ser\u00e1 no dia 27 de agosto, no SESI. Durante a festa ser\u00e1 realizada a elei\u00e7\u00e3o para escolha da nova diretoria, que comandar\u00e1 o clube at\u00e9 2017.<\/div>\n<div style=\"text-align: justify;\">\n<div class=\"separator\" style=\"clear: both; text-align: center;\">\n<\/div>\n<\/div>\n<div style=\"text-align: justify;\">\n<div class=\"separator\" style=\"clear: both; text-align: center;\">\n<a href=\"https:\/\/3.bp.blogspot.com\/-i12h8GmCvgs\/V4uk_H7AyqI\/AAAAAAAACYY\/HzvfNwaV0MATymoiU2D5ZAOYHtZ6g-c7ACEw\/s1600\/IMG-20160717-WA0019.jpg\" imageanchor=\"1\" style=\"margin-left: 1em; margin-right: 1em;\"><img loading=\"lazy\" decoding=\"async\" border=\"0\" height=\"300\" src=\"http:\/\/blogdoedvaldomagalhaes.com.br\/wp-content\/uploads\/2016\/07\/IMG-20160717-WA0019.jpg\" width=\"400\" \/><\/a><\/div>\n<div class=\"separator\" style=\"clear: both; text-align: center;\">\n<a href=\"https:\/\/3.bp.blogspot.com\/-zfEuHw1JP4U\/V4w68KUWVcI\/AAAAAAAACbg\/EDNkZACjdM4UDqqrzLIE4ZOgpdOQRGuTACLcB\/s1600\/teimoso.jpg\" imageanchor=\"1\" style=\"margin-left: 1em; margin-right: 1em;\"><img loading=\"lazy\" decoding=\"async\" border=\"0\" height=\"300\" src=\"http:\/\/blogdoedvaldomagalhaes.com.br\/wp-content\/uploads\/2016\/07\/teimoso.jpg\" width=\"400\" \/><\/a><\/div>\n<div class=\"separator\" style=\"clear: both; text-align: center;\">\n<\/div>\n<div class=\"separator\" style=\"clear: both; text-align: center;\">\n<\/div>\n<p>Neste domingo (17) o Teimoso jogou com o Bar\u00e3ozinho do Salgado, no campo da vila kennedy, empatando por 2&#215;2. Com Leozinho e Ranieri marcando para o teimoso e Gustavo e galeguinho para o bar\u00e3ozinho.<\/p>\n<\/div>\n<div class=\"_38 direction_ltr\">\n<div class=\"separator\" style=\"clear: both; text-align: center;\">\n<\/div>\n<p><\/p>\n<div style=\"text-align: justify;\">\n<div class=\"separator\" style=\"clear: both; text-align: center;\">\n<a href=\"https:\/\/4.bp.blogspot.com\/-jn4GTcc7UWY\/V4uj6Pjb_hI\/AAAAAAAACYI\/jdqsIg0EPkM2VBrBFFaS323ztu2JlrTqgCLcB\/s1600\/IMG-20160717-WA0014.jpg\" imageanchor=\"1\" style=\"margin-left: 1em; margin-right: 1em;\"><img loading=\"lazy\" decoding=\"async\" border=\"0\" height=\"300\" src=\"http:\/\/blogdoedvaldomagalhaes.com.br\/wp-content\/uploads\/2016\/07\/IMG-20160717-WA0014.jpg\" width=\"400\" \/><\/a><\/div>\n<div class=\"separator\" style=\"clear: both; text-align: center;\">\n<\/div>\n<div class=\"separator\" style=\"clear: both; text-align: center;\">\n<a href=\"https:\/\/3.bp.blogspot.com\/--Fwe988Co70\/V4ukAsMQkeI\/AAAAAAAACYM\/PGgY6eOFqlUqUMzdyFCGdHPuTmPwJmhhwCLcB\/s1600\/IMG-20160717-WA0015.jpg\" imageanchor=\"1\" style=\"margin-left: 1em; margin-right: 1em;\"><img loading=\"lazy\" decoding=\"async\" border=\"0\" height=\"300\" src=\"http:\/\/blogdoedvaldomagalhaes.com.br\/wp-content\/uploads\/2016\/07\/IMG-20160717-WA0015.jpg\" width=\"400\" \/><\/a><\/div>\n<p><\/div>\n<p><\/p>\n<div style=\"text-align: justify;\">\n<div class=\"separator\" style=\"clear: both; text-align: center;\">\n<\/div>\n<\/div>\n<div class=\"separator\" style=\"clear: both; text-align: center;\">\n<a href=\"https:\/\/3.bp.blogspot.com\/-XfjnKCd45rI\/V4uiuXzXGrI\/AAAAAAAACX0\/IxNYgw9zZsU4MC9qNY9xrTosvIoQt2eWQCLcB\/s1600\/IMG-20160717-WA0017.jpg\" imageanchor=\"1\" style=\"margin-left: 1em; margin-right: 1em;\"><img loading=\"lazy\" decoding=\"async\" border=\"0\" height=\"300\" src=\"http:\/\/blogdoedvaldomagalhaes.com.br\/wp-content\/uploads\/2016\/07\/IMG-20160717-WA0017.jpg\" width=\"400\" \/><\/a><\/div>\n<div class=\"separator\" style=\"clear: both; text-align: justify;\">\n<\/div>\n<div class=\"separator\" style=\"clear: both; text-align: justify;\">\nTeimoso FC 2&#215;2 Bar\u00e3ozinho, no campo da Vila Kennedy. Gols de Leozinho e Ranieri para o Teimoso, enquanto Gustavo e Galeguinho marcaram para o Bar\u00e3ozinho.<\/div>\n<div class=\"separator\" style=\"clear: both; text-align: justify;\">\n<\/div>\n<div class=\"separator\" style=\"clear: both; text-align: justify;\">\nO Teimoso jogou com: Thiago, Everaldo (L\u00e9o), Pel\u00e9, Jonata er Thiago; Leozinho (Viva), Fabr\u00edcio (Henrique), Cai\u00e1ca e Bodinho &nbsp;(que foi expulso no 1\u00ba tempo); Ranieri e Jaciel. T\u00e9cnico: Bebeto.<\/div>\n<div class=\"separator\" style=\"clear: both; text-align: justify;\">\n<\/div>\n<div class=\"separator\" style=\"clear: both; text-align: justify;\">\nO Bar\u00e3ozinho do Salgado jogou de Dida, Chiquita (Patativa), Fernando, Ricardo e Rodrigo (Andr\u00e9); J\u00fanior (Lucas), Clebinho (Nan), Alan e Leandro (Bui\u00fa); Galeguinho e Gustavo. T\u00e9cnico: Bruno&nbsp;<\/div>\n<\/div>\n<\/div>\n","protected":false},"excerpt":{"rendered":"<p>O Teimoso FC foi fundado em 01.08.1987, \u00e9 um clube amador da cidade de Caruaru que se destaca entre as&hellip;<\/p>\n","protected":false},"author":1,"featured_media":0,"comment_status":"open","ping_status":"open","sticky":false,"template":"","format":"standard","meta":{"footnotes":""},"categories":[1],"tags":[13503,13504,3,12588],"class_list":["post-8970","post","type-post","status-publish","format-standard","hentry","category-sem-categoria","tag-baraozinho-do-salgado","tag-campo-da-vila-kennedy","tag-futebol","tag-teimoso-fc"],"_links":{"self":[{"href":"https:\/\/blogdoedvaldomagalhaes.com.br\/index.php\/wp-json\/wp\/v2\/posts\/8970","targetHints":{"allow":["GET"]}}],"collection":[{"href":"https:\/\/blogdoedvaldomagalhaes.com.br\/index.php\/wp-json\/wp\/v2\/posts"}],"about":[{"href":"https:\/\/blogdoedvaldomagalhaes.com.br\/index.php\/wp-json\/wp\/v2\/types\/post"}],"author":[{"embeddable":true,"href":"https:\/\/blogdoedvaldomagalhaes.com.br\/index.php\/wp-json\/wp\/v2\/users\/1"}],"replies":[{"embeddable":true,"href":"https:\/\/blogdoedvaldomagalhaes.com.br\/index.php\/wp-json\/wp\/v2\/comments?post=8970"}],"version-history":[{"count":1,"href":"https:\/\/blogdoedvaldomagalhaes.com.br\/index.php\/wp-json\/wp\/v2\/posts\/8970\/revisions"}],"predecessor-version":[{"id":10355,"href":"https:\/\/blogdoedvaldomagalhaes.com.br\/index.php\/wp-json\/wp\/v2\/posts\/8970\/revisions\/10355"}],"wp:attachment":[{"href":"https:\/\/blogdoedvaldomagalhaes.com.br\/index.php\/wp-json\/wp\/v2\/media?parent=8970"}],"wp:term":[{"taxonomy":"category","embeddable":true,"href":"https:\/\/blogdoedvaldomagalhaes.com.br\/index.php\/wp-json\/wp\/v2\/categories?post=8970"},{"taxonomy":"post_tag","embeddable":true,"href":"https:\/\/blogdoedvaldomagalhaes.com.br\/index.php\/wp-json\/wp\/v2\/tags?post=8970"}],"curies":[{"name":"wp","href":"https:\/\/api.w.org\/{rel}","templated":true}]}}