{"id":89699,"date":"2022-11-07T17:46:33","date_gmt":"2022-11-07T20:46:33","guid":{"rendered":"https:\/\/blogdoedvaldomagalhaes.com.br\/?p=89699"},"modified":"2022-11-07T17:46:35","modified_gmt":"2022-11-07T20:46:35","slug":"caruaru-e-sede-dos-simposios-de-recursos-hidricos-do-nordeste-e-dos-paises-de-lingua-portuguesa","status":"publish","type":"post","link":"https:\/\/blogdoedvaldomagalhaes.com.br\/index.php\/2022\/11\/07\/caruaru-e-sede-dos-simposios-de-recursos-hidricos-do-nordeste-e-dos-paises-de-lingua-portuguesa\/","title":{"rendered":"Caruaru \u00e9 sede dos Simp\u00f3sios de Recursos H\u00eddricos do Nordeste e dos Pa\u00edses de L\u00edngua Portuguesa"},"content":{"rendered":"<p style=\"text-align: justify;\"><span style=\"color: initial; font-size: revert;\">Nesse domingo (07) foi realizada a solenidade de abertura do XVI Simp\u00f3sio de Recursos H\u00eddricos do Nordeste e do 15\u00ba Simp\u00f3sio de Hidr\u00e1ulica e Recursos H\u00eddricos dos Pa\u00edses de L\u00edngua Portuguesa, no Senac Caruaru.<\/span><\/p>\n<p style=\"text-align: justify;\">O evento contou com a participa\u00e7\u00e3o de autoridades internacionais, nacionais, representantes do Governo Estadual e Municipal. Fizeram parte da mesa o Presidente da ABRHidro, Cristov\u00e3o Scapulatempo Fernandes, o prefeito anfitri\u00e3o de Caruaru, Rodrigo Pinheiro, o presidente da Comiss\u00e3o Organizadora do evento, Jos\u00e9 Almir Cirilo, o presidente da Associa\u00e7\u00e3o Portuguesa dos Recursos H\u00eddricos \u2013 APRH, Carlos Coelho, o presidente da Associa\u00e7\u00e3o Cabo-Verdiana dos Recursos H\u00eddricos \u2013 ACRH, Ant\u00f4nio Pedro Pina, o presidente da Associa\u00e7\u00e3o Aquashare de Mo\u00e7ambique, Bento Mualoja, o diretor da Ag\u00eancia Nacional de \u00c1guas e Saneamento B\u00e1sico \u2013 ANA, Filipe de Mello Sampaio Cunha, a Secret\u00e1ria Executiva de Recursos H\u00eddricos, Simone Rosa, a diretora geral da M\u00fatua Pernambuco, Roberta Meneses, o presidente do Comit\u00ea da Bacia Hidrogr\u00e1fica do Rio S\u00e3o Francisco, Jos\u00e9 Maciel Nunes de Oliveira, a presidente da Ag\u00eancia Pernambucana de \u00c1guas e Clima \u2013 APAC, Suzana Montenegro, a diretora Regional Metropolitana da Compesa , Nyadja Menezes, o Secret\u00e1rio Nacional de Seguran\u00e7a H\u00eddrica Substituto do Minist\u00e9rio do Desenvolvimento Regional, Francisco Igor Aires Nunes e o presidente da Comiss\u00e3o cient\u00edfica, Jaime Joaquim da Silva Pereira Cabral.<\/p>\n<p style=\"text-align: justify;\">Al\u00e9m de v\u00e1rios representantes da Apac, da Diretoria de Regula\u00e7\u00e3o e Monitoramento, da Diretoria de Gest\u00e3o de Recursos H\u00eddricos, e das ger\u00eancias de meteorologia de mudan\u00e7as clim\u00e1ticas, de outorga e cobran\u00e7a, de articula\u00e7\u00e3o e comunica\u00e7\u00e3o e de seguran\u00e7a de barragens.<\/p>\n<p style=\"text-align: justify;\">O Presidente da Comiss\u00e3o Organizadora dos Simp\u00f3sios, Jos\u00e9 Almir Cirilo destacou em sua fala os impactos das altera\u00e7\u00f5es das mudan\u00e7as clim\u00e1ticas e da gest\u00e3o respons\u00e1vel dos recursos h\u00eddricos, os avan\u00e7os tecnol\u00f3gicos em diversos setores que ser\u00e3o discutidos nesse evento. Cirilo falou ainda do legado da @abrhidro na transfer\u00eancia de conhecimentos estabelecidas e dos frutos gerados ap\u00f3s elas e dos tantos talentos foram descobertos, e agradeceu a todos e todas que participaram para a realiza\u00e7\u00e3o do evento.<\/p>\n<p style=\"text-align: justify;\">A presidente da Apac e Vice Presidente da ABRHidro, Suzana Montenegro, agradeceu a todos os representantes de todos os Estados e parceiros dos pa\u00edses de l\u00edngua portuguesa, falou da hist\u00f3ria dos 45 anos da ABRHidro, da import\u00e2ncia da Ag\u00eancia Pernambucana de \u00c1guas e Clima e a interliga\u00e7\u00e3o dos conhecimentos entre governo e universidades e as pol\u00edticas p\u00fablicas.<\/p>\n<p style=\"text-align: justify;\">O Presidente da ABRHidro, Crist\u00f3v\u00e3o Scapulatempo Fernandes concluiu falando da import\u00e2ncia e raz\u00e3o legal e institucional que une diversas esferas da sociedade em prol de uma gest\u00e3o de recursos h\u00eddricos eficaz e eficiente, e que construiu uma base respons\u00e1vel que \u00e9 sin\u00f4nimo da contribui\u00e7\u00e3o da ci\u00eancia e da t\u00e9cnica para o desenvolvimento do pa\u00eds na \u00e1rea de Recursos H\u00eddricos.<\/p>\n<p style=\"text-align: justify;\">Os eventos seguir\u00e3o at\u00e9 o dia 11 de novembro (sexta-feira) com o eixo tem\u00e1tico \u201cFortalecendo a capacidade adaptativa em busca da seguran\u00e7a h\u00eddrica frente \u00e0s mudan\u00e7as clim\u00e1ticas\u201d em Caruaru.\u00a0<\/p>\n<p style=\"text-align: justify;\">Siga o Instagram do Blog do Edvaldo Magalh\u00e3es e se inscreva no canal do Blog no YouTube.<\/p>\n\n\n<figure class=\"wp-block-image size-large\"><img loading=\"lazy\" decoding=\"async\" width=\"1024\" height=\"576\" src=\"https:\/\/blogdoedvaldomagalhaes.com.br\/wp-content\/uploads\/2022\/11\/IMG-20221107-WA0024-1024x576.jpeg\" alt=\"\" class=\"wp-image-89701\" srcset=\"https:\/\/blogdoedvaldomagalhaes.com.br\/wp-content\/uploads\/2022\/11\/IMG-20221107-WA0024-1024x576.jpeg 1024w, https:\/\/blogdoedvaldomagalhaes.com.br\/wp-content\/uploads\/2022\/11\/IMG-20221107-WA0024-300x169.jpeg 300w, https:\/\/blogdoedvaldomagalhaes.com.br\/wp-content\/uploads\/2022\/11\/IMG-20221107-WA0024-768x432.jpeg 768w, https:\/\/blogdoedvaldomagalhaes.com.br\/wp-content\/uploads\/2022\/11\/IMG-20221107-WA0024-1536x864.jpeg 1536w, https:\/\/blogdoedvaldomagalhaes.com.br\/wp-content\/uploads\/2022\/11\/IMG-20221107-WA0024-2048x1152.jpeg 2048w, https:\/\/blogdoedvaldomagalhaes.com.br\/wp-content\/uploads\/2022\/11\/IMG-20221107-WA0024-1140x641.jpeg 1140w, https:\/\/blogdoedvaldomagalhaes.com.br\/wp-content\/uploads\/2022\/11\/IMG-20221107-WA0024-720x405.jpeg 720w\" sizes=\"auto, (max-width: 1024px) 100vw, 1024px\" \/><figcaption>Fotos: Blog do Edvaldo Magalh\u00e3es <\/figcaption><\/figure>\n","protected":false},"excerpt":{"rendered":"<p>Nesse domingo (07) foi realizada a solenidade de abertura do XVI Simp\u00f3sio de Recursos H\u00eddricos do Nordeste e do 15\u00ba&hellip;<\/p>\n","protected":false},"author":1,"featured_media":89700,"comment_status":"closed","ping_status":"open","sticky":false,"template":"","format":"standard","meta":{"footnotes":""},"categories":[14120],"tags":[2,19532,3406,26013],"class_list":["post-89699","post","type-post","status-publish","format-standard","has-post-thumbnail","hentry","category-noticias","tag-blog-do-edvaldo-magalhaes","tag-blog-mais-acessado-e-visualizado-de-caruaru-e-regiao","tag-caruaru","tag-caruaru-e-sede-dos-simposios-de-recursos-hidricos-do-nordeste-e-dos-paises-de-lingua-portuguesa"],"_links":{"self":[{"href":"https:\/\/blogdoedvaldomagalhaes.com.br\/index.php\/wp-json\/wp\/v2\/posts\/89699","targetHints":{"allow":["GET"]}}],"collection":[{"href":"https:\/\/blogdoedvaldomagalhaes.com.br\/index.php\/wp-json\/wp\/v2\/posts"}],"about":[{"href":"https:\/\/blogdoedvaldomagalhaes.com.br\/index.php\/wp-json\/wp\/v2\/types\/post"}],"author":[{"embeddable":true,"href":"https:\/\/blogdoedvaldomagalhaes.com.br\/index.php\/wp-json\/wp\/v2\/users\/1"}],"replies":[{"embeddable":true,"href":"https:\/\/blogdoedvaldomagalhaes.com.br\/index.php\/wp-json\/wp\/v2\/comments?post=89699"}],"version-history":[{"count":1,"href":"https:\/\/blogdoedvaldomagalhaes.com.br\/index.php\/wp-json\/wp\/v2\/posts\/89699\/revisions"}],"predecessor-version":[{"id":89702,"href":"https:\/\/blogdoedvaldomagalhaes.com.br\/index.php\/wp-json\/wp\/v2\/posts\/89699\/revisions\/89702"}],"wp:featuredmedia":[{"embeddable":true,"href":"https:\/\/blogdoedvaldomagalhaes.com.br\/index.php\/wp-json\/wp\/v2\/media\/89700"}],"wp:attachment":[{"href":"https:\/\/blogdoedvaldomagalhaes.com.br\/index.php\/wp-json\/wp\/v2\/media?parent=89699"}],"wp:term":[{"taxonomy":"category","embeddable":true,"href":"https:\/\/blogdoedvaldomagalhaes.com.br\/index.php\/wp-json\/wp\/v2\/categories?post=89699"},{"taxonomy":"post_tag","embeddable":true,"href":"https:\/\/blogdoedvaldomagalhaes.com.br\/index.php\/wp-json\/wp\/v2\/tags?post=89699"}],"curies":[{"name":"wp","href":"https:\/\/api.w.org\/{rel}","templated":true}]}}