{"id":89693,"date":"2022-11-07T17:00:28","date_gmt":"2022-11-07T20:00:28","guid":{"rendered":"https:\/\/blogdoedvaldomagalhaes.com.br\/?p=89693"},"modified":"2022-11-07T17:26:03","modified_gmt":"2022-11-07T20:26:03","slug":"abertura-do-festival-literario-do-agreste-sera-nesta-terca-feira-em-caruaru","status":"publish","type":"post","link":"https:\/\/blogdoedvaldomagalhaes.com.br\/index.php\/2022\/11\/07\/abertura-do-festival-literario-do-agreste-sera-nesta-terca-feira-em-caruaru\/","title":{"rendered":"Abertura do Festival Liter\u00e1rio do Agreste ser\u00e1 nesta ter\u00e7a-feira, em Caruaru"},"content":{"rendered":"<p style=\"text-align: justify;\"><span style=\"color: initial; font-size: revert;\">A Secretaria de Educa\u00e7\u00e3o e Esportes de Caruaru (Seduc), em parceria com a Associa\u00e7\u00e3o do Nordeste das Distribuidoras e Editoras de Livros (Andelivros), realizar\u00e1, de 08 a 11 de novembro, o Festival Liter\u00e1rio do Agreste 2022 &#8211; FliAgreste.<\/span><\/p>\n<p style=\"text-align: justify;\">O evento ser\u00e1 realizado na antiga Fafica e \u00e9 de grande relev\u00e2ncia para a Educa\u00e7\u00e3o do munic\u00edpio, com incentivo a leitura e literatura, desenvolvendo atividades relacionadas ao movimento do conhecimento, das artes e da cultura, possibilitando est\u00edmulo ao mercado editorial e ainda, incentivando a forma\u00e7\u00e3o de novos leitores.<\/p>\n<p style=\"text-align: justify;\">\u201cO FliAgreste tem como objetivo incentivar a cultura da leitura na popula\u00e7\u00e3o caruaruense proporcionando o contato n\u00e3o apenas com os livros, leituras, literaturas, mas tamb\u00e9m com a arte e cultura t\u00e3o forte em nossa regi\u00e3o\u201d, disse a secret\u00e1ria de Educa\u00e7\u00e3o e Esportes de Caruaru, Aline Tib\u00farcio.<\/p>\n<p style=\"text-align: justify;\">A Prefeitura de Caruaru ir\u00e1 disponibilizar vouchers b\u00f4nus para professores e alunos da rede municipal, possibilitando a compra de livros e fomentando a atividade econ\u00f4mica do segmento. Para os docentes, o valor ser\u00e1 de R$ 350,00 (trezentos e cinquenta reais) e para os estudantes, o valor ser\u00e1 de R$ 10,00 (dez reais) a R$ 50,00 (cinquenta reais).<\/p>\n<p style=\"text-align: justify;\">O festival \u00e9 gratuito, aberto ao p\u00fablico em geral e, este ano, ter\u00e1 como homenageado o cordelista caruaruense, professor da Rede de Ensino Municipal, Dorgival Tabosa (Dorge Tabosa), poeta, declamador e feirante, tem dezenas de cord\u00e9is editados, dois CDs de poesia e dois livros. \u00c9 integrante da Academia Caruaruense de Literatura de Cordel (ACLC), formado em Ci\u00eancias Sociais e p\u00f3s-graduado no ensino de Hist\u00f3ria e Geografia com viv\u00eancia pedag\u00f3gica em projetos sociais na Alemanha. Foi quinto colocado em concurso p\u00fablico para o cargo de professor na Rede Municipal de Caruaru, onde leciona desde 2007.<\/p>\n<p style=\"text-align: justify;\">O tema da Fliagreste este ano ser\u00e1 \u201cEnveredar pela literatura \u00e9 avenidar os caminhos do conhecimento\u201d, frase do poeta homenageado Dorge Tabosa. A programa\u00e7\u00e3o do festival, al\u00e9m da feira de livros, inclui apresenta\u00e7\u00f5es teatrais, rodas de di\u00e1logo, recitais de poesias, apresenta\u00e7\u00f5es culturais, lan\u00e7amentos de livros e shows de Santanna, Maciel Melo e Silv\u00e9rio Pessoa. O encerramento fica por conta de uma palestra do Dr. Felicidade, como \u00e9 conhecido o professor da Universidade Federal de Pernambuco, Bruno Severo Gomes.<\/p>\n<p style=\"text-align: justify;\"><strong>Confira a programa\u00e7\u00e3o:<\/strong><\/p>\n<p style=\"text-align: justify;\">DATA: 08\/11\/22:<\/p>\n<p style=\"text-align: justify;\">Audit\u00f3rio<br \/>8h30 &#8211; Abertura oficial com o prefeito Rodrigo Pinheiro &#8211; poesia com Dorgi Tabosa (cordelista homenageado) e Banda de P\u00edfanos de Caruaru<\/p>\n<p style=\"text-align: justify;\">Palco principal<br \/>19h Santana, O Cantador<\/p>\n<p style=\"text-align: justify;\">DATA: 09\/11\/2022<\/p>\n<p style=\"text-align: justify;\">Audit\u00f3rio<br \/>9h \u00e0s 9h30min &#8211; Declama\u00e7\u00e3o de Cordel &#8211; Escola Pedro De Souza;<br \/>9h30 \u00e0s 10h &#8211; Conta\u00e7\u00e3o De Hist\u00f3ria: Toninho e Seus Horm\u00f4nios &#8211; Por: Jhonatha Wesley;<br \/>10h \u00e0s 11h &#8211; Lan\u00e7amento do Livro Infantil: As Aventuras da Fam\u00edlia Patinho e Palestra com a autora Mariana Sarmento;<br \/>11h \u00e0s 11h30 &#8211; Percuss\u00e3o Da Escola Municipal Padre Pedro Batista Aguiar<br \/>14h \u00e0s 14h30 &#8211; Recital De Poesia &#8211; Nerisvaldo Alves<br \/>14h30 \u00e0s 15h &#8211; CMEI Tia Lourdinha &#8211; Teatro Piriquito Maracan\u00e3<br \/>15h \u00e0s 16h30 &#8211; Nossos Talentos: Apresenta\u00e7\u00e3o Musical Da Escola Cristina Tavares; Curta Metragem: \u201cA\u00e7\u00fade No 50\u201d E \u201cA Cratera\u201d Da Escola Municipal Alfredo Pinto; Grupo De Percuss\u00e3o Da Escola Municipal Presidente Kennedy; Grupo De Percuss\u00e3o Voz E Sanfona; Apresenta\u00e7\u00e3o do Cover De Michael Jackson &#8211; ETI Prefeito Jo\u00e3o Lyra Filho e Grupo De Percuss\u00e3o Da Escola Municipal Dr. Tabosa De Almeida<\/p>\n<p style=\"text-align: justify;\">Palco principal:<br \/>9h Banda Marcial &#8211; Escola Municipal Professor Kerm\u00f3genes<br \/>16h30 Grupo de Capoeira da Escola Municipal Presidente Kennedy<br \/>19h Maciel Melo<\/p>\n<p>DATA: 10\/11\/2022<\/p>\n<p style=\"text-align: justify;\">Audit\u00f3rio:<br \/>9h \u00e0s 9h30 &#8211; Gin\u00e1stica Laboral &#8211; Marcos Mercury<br \/>9h30 \u00e0s 10h &#8211; Recital De Poesias &#8211; Dorge Tabosa;<br \/>10h \u00e0s 10h30 &#8211; CMEI Severino Oliveira &#8211; Pe\u00e7a Teatral Linda Rosa Juvenil<br \/>10h30 \u00e0s 11h &#8211; Declama\u00e7\u00e3o De Cordel &#8211; Eti Prefeito Jo\u00e3o Lyra Filho<br \/>14h30 \u00e0s 15h &#8211; CMEI Flora Bezerra Pe\u00e7a Teatral Linda Rosa Juvenil<br \/>15h \u00e0s 16h &#8211; Roda De Di\u00e1logo &#8211; Sobre Educa\u00e7\u00e3o Inclusiva &#8211; Equipe De Inclus\u00e3o Da Seduc<br \/>16h \u00e0s 17h &#8211; Lan\u00e7amento Da Cole\u00e7\u00e3o Canoa Da Companhia De Letrinhas &#8211; Autora: Mari Bigio &#8211; Bate-Papo E Aut\u00f3grafos;<\/p>\n<p style=\"text-align: justify;\">Palco Principal:<br \/>19h Silv\u00e9rio Pessoa<\/p>\n<p style=\"text-align: justify;\">DATA: 11\/11\/2022<\/p>\n<p style=\"text-align: justify;\">Audit\u00f3rio:<br \/>9h \u00e0s 9h30 &#8211; Escola Duque De Caxias &#8211; Pe\u00e7a Teatral O Gato Xadrex<br \/>9h30 \u00e0s 10h &#8211; Declama\u00e7\u00e3o De Cordel Escola Municipal Laura Flor\u00eancio<br \/>10h \u00e0s 11h30 &#8211; Roda De Di\u00e1logo Sobre Sa\u00fade Mental &#8211; Equipe Psicossocial Da Seduc<br \/>14h \u00e0s 14h30 &#8211; Escola Municipal Lions Club &#8211; Pe\u00e7a Teatral O Menino De Todas As Cores<br \/>14h30 \u00e0s 15h &#8211; Recital De Poesias &#8211; Dorge Tabosa<br \/>15h \u00e0s 15h30 &#8211; R\u00e1dio Comunit\u00e1ria &#8211; Escola Municipal Presidente Kennedy<br \/>15h30 \u00e0s 16h30 &#8211; Momento Cultural Com As Cantoras Adriana Sales E L\u00facia Santana<\/p>\n<p style=\"text-align: justify;\">Palco Principal:<br \/>9h Grupo de Percuss\u00e3o &#8211; ETI Reunidas Duque De Caxias<br \/>19h Dr. Felicidade.<\/p>\n<p style=\"text-align: justify;\">Foto: Arquivo.<\/p>\n<p style=\"text-align: justify;\">Siga o Instagram do Blog do Edvaldo Magalh\u00e3es e se inscreva no canal do Blog no YouTube.<\/p>\n\n\n<figure class=\"wp-block-image size-large\"><img loading=\"lazy\" decoding=\"async\" width=\"1024\" height=\"731\" src=\"https:\/\/blogdoedvaldomagalhaes.com.br\/wp-content\/uploads\/2022\/11\/IMG-20221107-WA0081-1024x731.jpg\" alt=\"\" class=\"wp-image-89696\" srcset=\"https:\/\/blogdoedvaldomagalhaes.com.br\/wp-content\/uploads\/2022\/11\/IMG-20221107-WA0081-1024x731.jpg 1024w, https:\/\/blogdoedvaldomagalhaes.com.br\/wp-content\/uploads\/2022\/11\/IMG-20221107-WA0081-300x214.jpg 300w, https:\/\/blogdoedvaldomagalhaes.com.br\/wp-content\/uploads\/2022\/11\/IMG-20221107-WA0081-768x548.jpg 768w, https:\/\/blogdoedvaldomagalhaes.com.br\/wp-content\/uploads\/2022\/11\/IMG-20221107-WA0081-1536x1096.jpg 1536w, https:\/\/blogdoedvaldomagalhaes.com.br\/wp-content\/uploads\/2022\/11\/IMG-20221107-WA0081.jpg 1600w\" sizes=\"auto, (max-width: 1024px) 100vw, 1024px\" \/><\/figure>\n","protected":false},"excerpt":{"rendered":"<p>A Secretaria de Educa\u00e7\u00e3o e Esportes de Caruaru (Seduc), em parceria com a Associa\u00e7\u00e3o do Nordeste das Distribuidoras e Editoras&hellip;<\/p>\n","protected":false},"author":1,"featured_media":89694,"comment_status":"closed","ping_status":"open","sticky":false,"template":"","format":"standard","meta":{"footnotes":""},"categories":[14120],"tags":[26012,2,19532,3406],"class_list":["post-89693","post","type-post","status-publish","format-standard","has-post-thumbnail","hentry","category-noticias","tag-abertura-do-festival-literario-do-agreste-sera-nesta-terca-feira-em-caruaru","tag-blog-do-edvaldo-magalhaes","tag-blog-mais-acessado-e-visualizado-de-caruaru-e-regiao","tag-caruaru"],"_links":{"self":[{"href":"https:\/\/blogdoedvaldomagalhaes.com.br\/index.php\/wp-json\/wp\/v2\/posts\/89693","targetHints":{"allow":["GET"]}}],"collection":[{"href":"https:\/\/blogdoedvaldomagalhaes.com.br\/index.php\/wp-json\/wp\/v2\/posts"}],"about":[{"href":"https:\/\/blogdoedvaldomagalhaes.com.br\/index.php\/wp-json\/wp\/v2\/types\/post"}],"author":[{"embeddable":true,"href":"https:\/\/blogdoedvaldomagalhaes.com.br\/index.php\/wp-json\/wp\/v2\/users\/1"}],"replies":[{"embeddable":true,"href":"https:\/\/blogdoedvaldomagalhaes.com.br\/index.php\/wp-json\/wp\/v2\/comments?post=89693"}],"version-history":[{"count":2,"href":"https:\/\/blogdoedvaldomagalhaes.com.br\/index.php\/wp-json\/wp\/v2\/posts\/89693\/revisions"}],"predecessor-version":[{"id":89697,"href":"https:\/\/blogdoedvaldomagalhaes.com.br\/index.php\/wp-json\/wp\/v2\/posts\/89693\/revisions\/89697"}],"wp:featuredmedia":[{"embeddable":true,"href":"https:\/\/blogdoedvaldomagalhaes.com.br\/index.php\/wp-json\/wp\/v2\/media\/89694"}],"wp:attachment":[{"href":"https:\/\/blogdoedvaldomagalhaes.com.br\/index.php\/wp-json\/wp\/v2\/media?parent=89693"}],"wp:term":[{"taxonomy":"category","embeddable":true,"href":"https:\/\/blogdoedvaldomagalhaes.com.br\/index.php\/wp-json\/wp\/v2\/categories?post=89693"},{"taxonomy":"post_tag","embeddable":true,"href":"https:\/\/blogdoedvaldomagalhaes.com.br\/index.php\/wp-json\/wp\/v2\/tags?post=89693"}],"curies":[{"name":"wp","href":"https:\/\/api.w.org\/{rel}","templated":true}]}}