{"id":89688,"date":"2022-11-07T16:06:47","date_gmt":"2022-11-07T19:06:47","guid":{"rendered":"https:\/\/blogdoedvaldomagalhaes.com.br\/?p=89688"},"modified":"2022-11-07T16:06:48","modified_gmt":"2022-11-07T19:06:48","slug":"oito-barragens-vertem-no-agreste-devido-as-chuvas-do-fim-de-semana","status":"publish","type":"post","link":"https:\/\/blogdoedvaldomagalhaes.com.br\/index.php\/2022\/11\/07\/oito-barragens-vertem-no-agreste-devido-as-chuvas-do-fim-de-semana\/","title":{"rendered":"Oito barragens vertem no Agreste, devido \u00e0s chuvas do fim de semana"},"content":{"rendered":"<p style=\"text-align: justify;\"><span style=\"color: initial; font-size: revert;\">Uma \u00f3tima not\u00edcia para os moradores da regi\u00e3o Agreste do Estado. Devido \u00e0s fortes chuvas ocorridas no \u00faltimos dias, oito barragens da regi\u00e3o chegaram ao seu n\u00edvel m\u00e1ximo de acumula\u00e7\u00e3o e verteram. S\u00e3o elas: S\u00e3o Jacques e Pau Ferro (Canhotinho), Munda\u00fa, Cajueiro e Inhumas (Garanhuns), Tabocas Pia\u00e7a (Belo Jardim), Santana 2 (Brejo da Madre de Deus) e Prata (Bonito). Algumas pela segunda vez este ano, como \u00e9 o caso do Prata e Cajueiro.<\/span><\/p>\n<p style=\"text-align: justify;\">A melhoria nos n\u00edveis dos mananciais \u00e9 a garantia de que a regi\u00e3o passar\u00e1 pela esta\u00e7\u00e3o mais quente do ano, com mais seguran\u00e7a h\u00eddrica. \u201cN\u00f3s tivemos essa situa\u00e7\u00e3o at\u00edpica nesses \u00faltimos dias, com esse grande volume de chuvas, que nos trouxe tranquilidade para trabalhar nos pr\u00f3ximos meses, quando a demanda por \u00e1gua aumenta consideravelmente, devido \u00e0s altas temperaturas\u201d, explica o gerente de Unidade de Neg\u00f3cios da Compesa, Denis Mendes. Foto: Divulga\u00e7\u00e3o.<\/p>\n<p style=\"text-align: justify;\">Siga o Instagram do Blog do Edvaldo Magalh\u00e3es e se inscreva no canal do Blog no YouTube.<\/p>\n","protected":false},"excerpt":{"rendered":"<p>Uma \u00f3tima not\u00edcia para os moradores da regi\u00e3o Agreste do Estado. Devido \u00e0s fortes chuvas ocorridas no \u00faltimos dias, oito&hellip;<\/p>\n","protected":false},"author":1,"featured_media":89689,"comment_status":"closed","ping_status":"open","sticky":false,"template":"","format":"standard","meta":{"footnotes":""},"categories":[14120],"tags":[2,19532,3406,26011],"class_list":["post-89688","post","type-post","status-publish","format-standard","has-post-thumbnail","hentry","category-noticias","tag-blog-do-edvaldo-magalhaes","tag-blog-mais-acessado-e-visualizado-de-caruaru-e-regiao","tag-caruaru","tag-oito-barragens-vertem-no-agreste-devido-as-chuvas-do-fim-de-semana"],"_links":{"self":[{"href":"https:\/\/blogdoedvaldomagalhaes.com.br\/index.php\/wp-json\/wp\/v2\/posts\/89688","targetHints":{"allow":["GET"]}}],"collection":[{"href":"https:\/\/blogdoedvaldomagalhaes.com.br\/index.php\/wp-json\/wp\/v2\/posts"}],"about":[{"href":"https:\/\/blogdoedvaldomagalhaes.com.br\/index.php\/wp-json\/wp\/v2\/types\/post"}],"author":[{"embeddable":true,"href":"https:\/\/blogdoedvaldomagalhaes.com.br\/index.php\/wp-json\/wp\/v2\/users\/1"}],"replies":[{"embeddable":true,"href":"https:\/\/blogdoedvaldomagalhaes.com.br\/index.php\/wp-json\/wp\/v2\/comments?post=89688"}],"version-history":[{"count":1,"href":"https:\/\/blogdoedvaldomagalhaes.com.br\/index.php\/wp-json\/wp\/v2\/posts\/89688\/revisions"}],"predecessor-version":[{"id":89690,"href":"https:\/\/blogdoedvaldomagalhaes.com.br\/index.php\/wp-json\/wp\/v2\/posts\/89688\/revisions\/89690"}],"wp:featuredmedia":[{"embeddable":true,"href":"https:\/\/blogdoedvaldomagalhaes.com.br\/index.php\/wp-json\/wp\/v2\/media\/89689"}],"wp:attachment":[{"href":"https:\/\/blogdoedvaldomagalhaes.com.br\/index.php\/wp-json\/wp\/v2\/media?parent=89688"}],"wp:term":[{"taxonomy":"category","embeddable":true,"href":"https:\/\/blogdoedvaldomagalhaes.com.br\/index.php\/wp-json\/wp\/v2\/categories?post=89688"},{"taxonomy":"post_tag","embeddable":true,"href":"https:\/\/blogdoedvaldomagalhaes.com.br\/index.php\/wp-json\/wp\/v2\/tags?post=89688"}],"curies":[{"name":"wp","href":"https:\/\/api.w.org\/{rel}","templated":true}]}}