{"id":89685,"date":"2022-11-07T15:35:01","date_gmt":"2022-11-07T18:35:01","guid":{"rendered":"https:\/\/blogdoedvaldomagalhaes.com.br\/?p=89685"},"modified":"2022-11-07T16:17:45","modified_gmt":"2022-11-07T19:17:45","slug":"tite-convoca-selecao-brasileira-e-mostra-otimismo-para-copa-do-mundo","status":"publish","type":"post","link":"https:\/\/blogdoedvaldomagalhaes.com.br\/index.php\/2022\/11\/07\/tite-convoca-selecao-brasileira-e-mostra-otimismo-para-copa-do-mundo\/","title":{"rendered":"Tite convoca Sele\u00e7\u00e3o Brasileira e mostra otimismo para Copa do Mundo"},"content":{"rendered":"<p style=\"text-align: justify;\">O \u00faltimo passo antes da\u00a0<strong>Copa do Mundo FIFA Qatar 2022<\/strong>\u00a0foi dado. Ap\u00f3s anunciar a lista dos 26 nomes que defender\u00e3o a Sele\u00e7\u00e3o Brasileira, o t\u00e9cnico Tite falou em entrevista coletiva sobre as suas escolhas e refor\u00e7ou o esp\u00edrito de confian\u00e7a pela conquista do hexacampeonato.<\/p>\n<p style=\"text-align: justify;\">No cargo t\u00e9cnico desde 2016, Tite teve dessa vez todo o per\u00edodo de prepara\u00e7\u00e3o entre um Mundial e outro. Sem fazer compara\u00e7\u00f5es, o treinador explicou a import\u00e2ncia de um trabalho a longo prazo e como isso deixa o time brasileiro ainda mais forte para buscar o t\u00edtulo.<\/p>\n<p style=\"text-align: justify;\">Com os 26 jogadores definidos, a Sele\u00e7\u00e3o Brasileira inicia os treinamentos para o Mundial no\u00a0<strong>dia 14 de novembro<\/strong>, em Turim. A comiss\u00e3o t\u00e9cnica, liderada por Tite, viaja no s\u00e1bado,\u00a0<strong>dia 12 de novembro<\/strong>, para a It\u00e1lia. A viagem para o Catar est\u00e1 marcada para o dia 19, cinco dias antes da estreia contra a S\u00e9rvia.<\/p>\n<p style=\"text-align: justify;\">Convoca\u00e7\u00e3o da Sele\u00e7\u00e3o Brasileira para a Copa do Mundo FIFA Qatar 2022<br \/>\nGOLEIROS<br \/>\nAlisson &#8211; Liverpool (ING)<br \/>\nEderson &#8211; Manchester City (ING)<br \/>\nWeverton \u2013 Palmeiras (BRA)<br \/>\nLATERAIS<br \/>\nAlex Sandro &#8211; Juventus (ITA)<br \/>\nAlex Telles &#8211; Sevilla (ESP)<br \/>\nDani Alves \u2013 Pumas (MEX)<br \/>\nDanilo &#8211; Juventus (ITA)<br \/>\nZAGUEIROS<br \/>\nBremer &#8211; Juventus (ITA)<br \/>\n\u00c9der Milit\u00e3o &#8211; Real Madrid (ESP)<br \/>\nMarquinhos &#8211; Paris Saint Germain (FRA)<br \/>\nThiago Silva &#8211; Chelsea (ING)<br \/>\nMEIAS<br \/>\nBruno Guimar\u00e3es &#8211; Newcastle (ING)<br \/>\nCasemiro &#8211; Manchester United (ING)<br \/>\nEverton Ribeiro &#8211; Flamengo (BRA)<br \/>\nFabinho &#8211; Liverpool (ING)<br \/>\nFred &#8211; Manchester United (ING)<br \/>\nLucas Paquet\u00e1 &#8211; West Ham United (ING)<br \/>\nATACANTES<br \/>\nAntony &#8211; Manchester United (ING)<br \/>\nGabriel Jesus \u2013 Arsenal (ING)<br \/>\nGabriel Martinelli \u2013 Arsenal (ING)<br \/>\nNeymar Jr. &#8211; Paris Saint Germain (FRA)<br \/>\nPedro \u2013 Flamengo (BRA)<br \/>\nRaphinha &#8211; Barcelona (ESP)<br \/>\nRicharlison &#8211; Tottenham (ING)<br \/>\nRodrygo &#8211; Real Madrid (ESP)<br \/>\nVinicius Jr. &#8211; Real Madrid (ESP).<\/p>\n<p style=\"text-align: justify;\">Foto: <i><strong>Cr\u00e9ditos:\u00a0<\/strong>Lucas Figueiredo\/CBF<\/i><\/p>\n<p style=\"text-align: justify;\"><i>Siga o Instagram do Blog do Edvaldo Magalh\u00e3es e se inscreva no canal do Blog no YouTube.<\/i><\/p>\n","protected":false},"excerpt":{"rendered":"<p>O \u00faltimo passo antes da\u00a0Copa do Mundo FIFA Qatar 2022\u00a0foi dado. Ap\u00f3s anunciar a lista dos 26 nomes que defender\u00e3o&hellip;<\/p>\n","protected":false},"author":1,"featured_media":89686,"comment_status":"closed","ping_status":"open","sticky":false,"template":"","format":"standard","meta":{"footnotes":""},"categories":[14120],"tags":[2,19532,3406,3,26010],"class_list":["post-89685","post","type-post","status-publish","format-standard","has-post-thumbnail","hentry","category-noticias","tag-blog-do-edvaldo-magalhaes","tag-blog-mais-acessado-e-visualizado-de-caruaru-e-regiao","tag-caruaru","tag-futebol","tag-tite-convoca-selecao-brasileira-e-mostra-otimismo-para-copa-do-mundo"],"_links":{"self":[{"href":"https:\/\/blogdoedvaldomagalhaes.com.br\/index.php\/wp-json\/wp\/v2\/posts\/89685","targetHints":{"allow":["GET"]}}],"collection":[{"href":"https:\/\/blogdoedvaldomagalhaes.com.br\/index.php\/wp-json\/wp\/v2\/posts"}],"about":[{"href":"https:\/\/blogdoedvaldomagalhaes.com.br\/index.php\/wp-json\/wp\/v2\/types\/post"}],"author":[{"embeddable":true,"href":"https:\/\/blogdoedvaldomagalhaes.com.br\/index.php\/wp-json\/wp\/v2\/users\/1"}],"replies":[{"embeddable":true,"href":"https:\/\/blogdoedvaldomagalhaes.com.br\/index.php\/wp-json\/wp\/v2\/comments?post=89685"}],"version-history":[{"count":2,"href":"https:\/\/blogdoedvaldomagalhaes.com.br\/index.php\/wp-json\/wp\/v2\/posts\/89685\/revisions"}],"predecessor-version":[{"id":89692,"href":"https:\/\/blogdoedvaldomagalhaes.com.br\/index.php\/wp-json\/wp\/v2\/posts\/89685\/revisions\/89692"}],"wp:featuredmedia":[{"embeddable":true,"href":"https:\/\/blogdoedvaldomagalhaes.com.br\/index.php\/wp-json\/wp\/v2\/media\/89686"}],"wp:attachment":[{"href":"https:\/\/blogdoedvaldomagalhaes.com.br\/index.php\/wp-json\/wp\/v2\/media?parent=89685"}],"wp:term":[{"taxonomy":"category","embeddable":true,"href":"https:\/\/blogdoedvaldomagalhaes.com.br\/index.php\/wp-json\/wp\/v2\/categories?post=89685"},{"taxonomy":"post_tag","embeddable":true,"href":"https:\/\/blogdoedvaldomagalhaes.com.br\/index.php\/wp-json\/wp\/v2\/tags?post=89685"}],"curies":[{"name":"wp","href":"https:\/\/api.w.org\/{rel}","templated":true}]}}