{"id":89682,"date":"2022-11-07T11:08:50","date_gmt":"2022-11-07T14:08:50","guid":{"rendered":"https:\/\/blogdoedvaldomagalhaes.com.br\/?p=89682"},"modified":"2022-11-07T11:08:52","modified_gmt":"2022-11-07T14:08:52","slug":"4a-ciretran-caruaru-aumenta-em-69-o-numero-de-provas-praticas","status":"publish","type":"post","link":"https:\/\/blogdoedvaldomagalhaes.com.br\/index.php\/2022\/11\/07\/4a-ciretran-caruaru-aumenta-em-69-o-numero-de-provas-praticas\/","title":{"rendered":"4\u00aa CIRETRAN Caruaru aumenta em 69% o n\u00famero de provas pr\u00e1ticas"},"content":{"rendered":"<p style=\"text-align: justify;\"><span style=\"color: initial; font-size: revert;\">A gest\u00e3o da 4\u00aa Circunscri\u00e7\u00e3o Regional de Tr\u00e2nsito de Caruaru &#8211; 4\u00aa Ciretran Caruaru, aumentou em 69% sua capacidade de atendimento de Exames Pr\u00e1ticos. Esse \u00e9 o maior volume de provas pr\u00e1ticas que a Ciretran de Caruaru j\u00e1 realizou.<\/span><\/p>\n<p style=\"text-align: justify;\">O aumento \u00e9 resultado de um amplo esfor\u00e7o da dire\u00e7\u00e3o da Ciretran Caruaru junto a Diretoria da Opera\u00e7\u00f5es, Ger\u00eancia de Habilita\u00e7\u00e3o de Condutores e Ger\u00eancia de Ciretrans. &#8220;Isso \u00e9 resultado de um trabalho em equipe. O esfor\u00e7o \u00e9 conjunto da Ciretran, Diretoria de Opera\u00e7\u00f5es, Ger\u00eancia de Habilita\u00e7\u00e3o e Ger\u00eancia de Ciretran, conforme determinado pelo nosso diretor Presidente, Gustavo Carneiro Le\u00e3o&#8221; esclarece o gestor da Ciretran Caruaru, Jefferson Paz.<\/p>\n<p style=\"text-align: justify;\">Para realiza\u00e7\u00e3o da prova pr\u00e1tica, o candidato precisa ser aprovado previamente em exames m\u00e9dicos e prova te\u00f3rica. Para mais informa\u00e7\u00f5es sobre o processo de primeira habilita\u00e7\u00e3o, acesse o site www.detran.pe.gov.br_<\/p>\n<p style=\"text-align: justify;\">Siga o Instagram do Blog do Edvaldo Magalh\u00e3es e se inscreva no canal do Blog no YouTube.<\/p>\n","protected":false},"excerpt":{"rendered":"<p>A gest\u00e3o da 4\u00aa Circunscri\u00e7\u00e3o Regional de Tr\u00e2nsito de Caruaru &#8211; 4\u00aa Ciretran Caruaru, aumentou em 69% sua capacidade de&hellip;<\/p>\n","protected":false},"author":1,"featured_media":89683,"comment_status":"closed","ping_status":"open","sticky":false,"template":"","format":"standard","meta":{"footnotes":""},"categories":[14120],"tags":[26009,2,19532,3406],"class_list":["post-89682","post","type-post","status-publish","format-standard","has-post-thumbnail","hentry","category-noticias","tag-4a-ciretran-caruaru-aumenta-em-69-o-numero-de-provas-praticas","tag-blog-do-edvaldo-magalhaes","tag-blog-mais-acessado-e-visualizado-de-caruaru-e-regiao","tag-caruaru"],"_links":{"self":[{"href":"https:\/\/blogdoedvaldomagalhaes.com.br\/index.php\/wp-json\/wp\/v2\/posts\/89682","targetHints":{"allow":["GET"]}}],"collection":[{"href":"https:\/\/blogdoedvaldomagalhaes.com.br\/index.php\/wp-json\/wp\/v2\/posts"}],"about":[{"href":"https:\/\/blogdoedvaldomagalhaes.com.br\/index.php\/wp-json\/wp\/v2\/types\/post"}],"author":[{"embeddable":true,"href":"https:\/\/blogdoedvaldomagalhaes.com.br\/index.php\/wp-json\/wp\/v2\/users\/1"}],"replies":[{"embeddable":true,"href":"https:\/\/blogdoedvaldomagalhaes.com.br\/index.php\/wp-json\/wp\/v2\/comments?post=89682"}],"version-history":[{"count":1,"href":"https:\/\/blogdoedvaldomagalhaes.com.br\/index.php\/wp-json\/wp\/v2\/posts\/89682\/revisions"}],"predecessor-version":[{"id":89684,"href":"https:\/\/blogdoedvaldomagalhaes.com.br\/index.php\/wp-json\/wp\/v2\/posts\/89682\/revisions\/89684"}],"wp:featuredmedia":[{"embeddable":true,"href":"https:\/\/blogdoedvaldomagalhaes.com.br\/index.php\/wp-json\/wp\/v2\/media\/89683"}],"wp:attachment":[{"href":"https:\/\/blogdoedvaldomagalhaes.com.br\/index.php\/wp-json\/wp\/v2\/media?parent=89682"}],"wp:term":[{"taxonomy":"category","embeddable":true,"href":"https:\/\/blogdoedvaldomagalhaes.com.br\/index.php\/wp-json\/wp\/v2\/categories?post=89682"},{"taxonomy":"post_tag","embeddable":true,"href":"https:\/\/blogdoedvaldomagalhaes.com.br\/index.php\/wp-json\/wp\/v2\/tags?post=89682"}],"curies":[{"name":"wp","href":"https:\/\/api.w.org\/{rel}","templated":true}]}}