{"id":89674,"date":"2022-11-06T16:49:32","date_gmt":"2022-11-06T19:49:32","guid":{"rendered":"https:\/\/blogdoedvaldomagalhaes.com.br\/?p=89674"},"modified":"2022-11-06T16:49:35","modified_gmt":"2022-11-06T19:49:35","slug":"suspeitos-de-assalto-sao-detidos-com-armas-50-municoes-e-carro-roubado","status":"publish","type":"post","link":"https:\/\/blogdoedvaldomagalhaes.com.br\/index.php\/2022\/11\/06\/suspeitos-de-assalto-sao-detidos-com-armas-50-municoes-e-carro-roubado\/","title":{"rendered":"Suspeitos de assalto s\u00e3o detidos com armas, 50 muni\u00e7\u00f5es e carro roubado"},"content":{"rendered":"<p style=\"text-align: justify;\"><span style=\"color: initial; font-size: revert;\">Dois homens suspeitos de praticarem assaltos foram detidos, neste domingo (6), em a\u00e7\u00e3o integrada da Pol\u00edcia Rodovi\u00e1ria Federal (PRF) e Pol\u00edcia Civil de Pernambuco (PCPE). Eles estavam em um carro roubado e portavam duas armas, 50 muni\u00e7\u00f5es, uma touca balaclava e uma por\u00e7\u00e3o de maconha. O flagrante foi realizado no Km 66 da BR 101, no bairro da Iputinga, na Zona Oeste do Recife.<\/span><\/p>\n<p style=\"text-align: justify;\">Uma equipe da PRF realizava uma fiscaliza\u00e7\u00e3o na rodovia, quando avistou um carro com as mesmas caracter\u00edsticas de um ve\u00edculo procurado pela Pol\u00edcia Civil. Ao avistar a viatura, o motorista tentou fugir em alta velocidade, mas foi acompanhado e abordado pelos policiais.<\/p>\n<p style=\"text-align: justify;\">No banco traseiro do carro foi encontrada uma muni\u00e7\u00e3o e no console do ve\u00edculo, uma por\u00e7\u00e3o de maconha. Quando a equipe abriu o porta-luvas encontrou uma pistola .40 com numera\u00e7\u00e3o raspada e 41 muni\u00e7\u00f5es, al\u00e9m de um rev\u00f3lver calibre .38 e nove muni\u00e7\u00f5es.<\/p>\n<p style=\"text-align: justify;\">Tamb\u00e9m foi encontrada no ve\u00edculo uma touca balaclava, que pode ser utilizada para encobrir o rosto em assaltos. Ap\u00f3s um procedimento de identifica\u00e7\u00e3o veicular, a equipe constatou que o carro havia sido roubado no dia 12 de abril deste ano, em Recife.<\/p>\n<p style=\"text-align: justify;\">O motorista e o passageiro foram encaminhados junto com o material apreendido ao Departamento de Repress\u00e3o aos Crimes Patrimoniais (Depatri), em Afogados, na Zona Oeste da capital. Foto: Divulga\u00e7\u00e3o\/PRF.<\/p>\n<p style=\"text-align: justify;\">Siga o Instagram do Blog do Edvaldo Magalh\u00e3es e se inscreva no canal do Blog no YouTube.<\/p>\n","protected":false},"excerpt":{"rendered":"<p>Dois homens suspeitos de praticarem assaltos foram detidos, neste domingo (6), em a\u00e7\u00e3o integrada da Pol\u00edcia Rodovi\u00e1ria Federal (PRF) e&hellip;<\/p>\n","protected":false},"author":1,"featured_media":89675,"comment_status":"closed","ping_status":"open","sticky":false,"template":"","format":"standard","meta":{"footnotes":""},"categories":[14121],"tags":[2,19532,3406,26007],"class_list":["post-89674","post","type-post","status-publish","format-standard","has-post-thumbnail","hentry","category-policial","tag-blog-do-edvaldo-magalhaes","tag-blog-mais-acessado-e-visualizado-de-caruaru-e-regiao","tag-caruaru","tag-suspeitos-de-assalto-sao-detidos-com-armas-50-municoes-e-carro-roubado"],"_links":{"self":[{"href":"https:\/\/blogdoedvaldomagalhaes.com.br\/index.php\/wp-json\/wp\/v2\/posts\/89674","targetHints":{"allow":["GET"]}}],"collection":[{"href":"https:\/\/blogdoedvaldomagalhaes.com.br\/index.php\/wp-json\/wp\/v2\/posts"}],"about":[{"href":"https:\/\/blogdoedvaldomagalhaes.com.br\/index.php\/wp-json\/wp\/v2\/types\/post"}],"author":[{"embeddable":true,"href":"https:\/\/blogdoedvaldomagalhaes.com.br\/index.php\/wp-json\/wp\/v2\/users\/1"}],"replies":[{"embeddable":true,"href":"https:\/\/blogdoedvaldomagalhaes.com.br\/index.php\/wp-json\/wp\/v2\/comments?post=89674"}],"version-history":[{"count":1,"href":"https:\/\/blogdoedvaldomagalhaes.com.br\/index.php\/wp-json\/wp\/v2\/posts\/89674\/revisions"}],"predecessor-version":[{"id":89676,"href":"https:\/\/blogdoedvaldomagalhaes.com.br\/index.php\/wp-json\/wp\/v2\/posts\/89674\/revisions\/89676"}],"wp:featuredmedia":[{"embeddable":true,"href":"https:\/\/blogdoedvaldomagalhaes.com.br\/index.php\/wp-json\/wp\/v2\/media\/89675"}],"wp:attachment":[{"href":"https:\/\/blogdoedvaldomagalhaes.com.br\/index.php\/wp-json\/wp\/v2\/media?parent=89674"}],"wp:term":[{"taxonomy":"category","embeddable":true,"href":"https:\/\/blogdoedvaldomagalhaes.com.br\/index.php\/wp-json\/wp\/v2\/categories?post=89674"},{"taxonomy":"post_tag","embeddable":true,"href":"https:\/\/blogdoedvaldomagalhaes.com.br\/index.php\/wp-json\/wp\/v2\/tags?post=89674"}],"curies":[{"name":"wp","href":"https:\/\/api.w.org\/{rel}","templated":true}]}}