{"id":89671,"date":"2022-11-06T13:58:09","date_gmt":"2022-11-06T16:58:09","guid":{"rendered":"https:\/\/blogdoedvaldomagalhaes.com.br\/?p=89671"},"modified":"2022-11-06T16:46:39","modified_gmt":"2022-11-06T19:46:39","slug":"apos-quase-atropelar-duas-criancas-motorista-embriagado-e-detido-pela-prf","status":"publish","type":"post","link":"https:\/\/blogdoedvaldomagalhaes.com.br\/index.php\/2022\/11\/06\/apos-quase-atropelar-duas-criancas-motorista-embriagado-e-detido-pela-prf\/","title":{"rendered":"Ap\u00f3s quase atropelar duas crian\u00e7as, motorista embriagado \u00e9 detido pela PRF\u00a0"},"content":{"rendered":"<p style=\"text-align: justify;\">Um motorista que apresentava sinais de embriaguez foi detido na noite de s\u00e1bado (5), pela Pol\u00edcia Rodovi\u00e1ria Federal (PRF), em Trindade, no Sert\u00e3o de Pernambuco. O homem quase atropelou duas crian\u00e7as ao tentar fugir da abordagem por dentro da cidade.<\/p>\n<p style=\"text-align: justify;\">Policiais realizavam uma ronda com foco na seguran\u00e7a vi\u00e1ria, quando a avistaram o motorista de um carro dirigindo de forma perigosa na rodovia. Foi dada ordem de parada ao condutor, mas ele desobedeceu e transitou pela contram\u00e3o para n\u00e3o ser abordado.<\/p>\n<p style=\"text-align: justify;\">Em seguida, o motorista acessou um povoado e continuou dirigindo de forma arriscada, quase atropelando duas crian\u00e7as que brincavam em uma cal\u00e7ada. Ap\u00f3s alguns quil\u00f4metros de acompanhamento, o homem foi abordado e realizou o teste do baf\u00f4metro, que indicou o \u00edndice de 1,32mg\/l. O resultado configura crime de tr\u00e2nsito e corresponde a quatro vezes o valor limite da infra\u00e7\u00e3o administrativa, que \u00e9 de 0,33mg\/l.<\/p>\n<p style=\"text-align: justify;\">O homem admitiu que estava muito &#8220;b\u00eabado&#8221; e que tinha fugido tentando ir para casa. Ele foi autuado e encaminhado \u00e0 Delegacia de Pol\u00edcia Civil de Trindade. Foto: Divulga\u00e7\u00e3o\/PRF.<\/p>\n<p style=\"text-align: justify;\">Siga o Instagram do Blog do Edvaldo Magalh\u00e3es e se inscreva no canal do Blog no YouTube.<\/p>\n","protected":false},"excerpt":{"rendered":"<p>Um motorista que apresentava sinais de embriaguez foi detido na noite de s\u00e1bado (5), pela Pol\u00edcia Rodovi\u00e1ria Federal (PRF), em&hellip;<\/p>\n","protected":false},"author":1,"featured_media":89672,"comment_status":"closed","ping_status":"open","sticky":false,"template":"","format":"standard","meta":{"footnotes":""},"categories":[14120],"tags":[26006,2,19532,3406,8778],"class_list":["post-89671","post","type-post","status-publish","format-standard","has-post-thumbnail","hentry","category-noticias","tag-apos-quase-atropelar-duas-criancas-motorista-embriagado-e-detido-pela-prf","tag-blog-do-edvaldo-magalhaes","tag-blog-mais-acessado-e-visualizado-de-caruaru-e-regiao","tag-caruaru","tag-sertania"],"_links":{"self":[{"href":"https:\/\/blogdoedvaldomagalhaes.com.br\/index.php\/wp-json\/wp\/v2\/posts\/89671","targetHints":{"allow":["GET"]}}],"collection":[{"href":"https:\/\/blogdoedvaldomagalhaes.com.br\/index.php\/wp-json\/wp\/v2\/posts"}],"about":[{"href":"https:\/\/blogdoedvaldomagalhaes.com.br\/index.php\/wp-json\/wp\/v2\/types\/post"}],"author":[{"embeddable":true,"href":"https:\/\/blogdoedvaldomagalhaes.com.br\/index.php\/wp-json\/wp\/v2\/users\/1"}],"replies":[{"embeddable":true,"href":"https:\/\/blogdoedvaldomagalhaes.com.br\/index.php\/wp-json\/wp\/v2\/comments?post=89671"}],"version-history":[{"count":1,"href":"https:\/\/blogdoedvaldomagalhaes.com.br\/index.php\/wp-json\/wp\/v2\/posts\/89671\/revisions"}],"predecessor-version":[{"id":89673,"href":"https:\/\/blogdoedvaldomagalhaes.com.br\/index.php\/wp-json\/wp\/v2\/posts\/89671\/revisions\/89673"}],"wp:featuredmedia":[{"embeddable":true,"href":"https:\/\/blogdoedvaldomagalhaes.com.br\/index.php\/wp-json\/wp\/v2\/media\/89672"}],"wp:attachment":[{"href":"https:\/\/blogdoedvaldomagalhaes.com.br\/index.php\/wp-json\/wp\/v2\/media?parent=89671"}],"wp:term":[{"taxonomy":"category","embeddable":true,"href":"https:\/\/blogdoedvaldomagalhaes.com.br\/index.php\/wp-json\/wp\/v2\/categories?post=89671"},{"taxonomy":"post_tag","embeddable":true,"href":"https:\/\/blogdoedvaldomagalhaes.com.br\/index.php\/wp-json\/wp\/v2\/tags?post=89671"}],"curies":[{"name":"wp","href":"https:\/\/api.w.org\/{rel}","templated":true}]}}