{"id":89668,"date":"2022-11-06T13:49:02","date_gmt":"2022-11-06T16:49:02","guid":{"rendered":"https:\/\/blogdoedvaldomagalhaes.com.br\/?p=89668"},"modified":"2022-11-06T13:49:03","modified_gmt":"2022-11-06T16:49:03","slug":"procurado-por-abandono-material-e-detido-pela-prf","status":"publish","type":"post","link":"https:\/\/blogdoedvaldomagalhaes.com.br\/index.php\/2022\/11\/06\/procurado-por-abandono-material-e-detido-pela-prf\/","title":{"rendered":"Procurado por abandono material \u00e9 detido pela PRF"},"content":{"rendered":"<p style=\"text-align: justify;\">Um homem considerado foragido da justi\u00e7a pelo crime de abandono material foi detido no s\u00e1bado (5), pela Pol\u00edcia Rodovi\u00e1ria Federal (PRF). O flagrante foi realizado durante a abordagem a um caminh\u00e3o no Km 276 da BR 232, em Sert\u00e2nia, no Sert\u00e3o pernambucano.<\/p>\n<p style=\"text-align: justify;\">Durante uma fiscaliza\u00e7\u00e3o, policiais realizaram a consulta \u00e0 documenta\u00e7\u00e3o apresentada pelo motorista e descobriram que havia um mandado de pris\u00e3o em aberto para ele. De acordo com o artigo 244 do C\u00f3digo Penal, quem tem a obriga\u00e7\u00e3o de providenciar ajuda financeira a parentes (c\u00f4njuge, filhos menores, etc) e deixa de faz\u00ea-lo sem motivo incorre no crime de abandono material.<\/p>\n<p style=\"text-align: justify;\">O motorista foi encaminhado \u00e0 Delegacia de Pol\u00edcia Civil de Sert\u00e2nia, para ser apresentado \u00e0 justi\u00e7a. Foto: Divulga\u00e7\u00e3o\/PRF.<\/p>\n<p style=\"text-align: justify;\">Siga o Instagram do Blog do Edvaldo Magalh\u00e3es e se inscreva no canal do Blog no YouTube.<\/p>\n","protected":false},"excerpt":{"rendered":"<p>Um homem considerado foragido da justi\u00e7a pelo crime de abandono material foi detido no s\u00e1bado (5), pela Pol\u00edcia Rodovi\u00e1ria Federal&hellip;<\/p>\n","protected":false},"author":1,"featured_media":89669,"comment_status":"closed","ping_status":"open","sticky":false,"template":"","format":"standard","meta":{"footnotes":""},"categories":[14121],"tags":[2,19532,3406,26005],"class_list":["post-89668","post","type-post","status-publish","format-standard","has-post-thumbnail","hentry","category-policial","tag-blog-do-edvaldo-magalhaes","tag-blog-mais-acessado-e-visualizado-de-caruaru-e-regiao","tag-caruaru","tag-procurado-por-abandono-material-e-detido-pela-prf"],"_links":{"self":[{"href":"https:\/\/blogdoedvaldomagalhaes.com.br\/index.php\/wp-json\/wp\/v2\/posts\/89668","targetHints":{"allow":["GET"]}}],"collection":[{"href":"https:\/\/blogdoedvaldomagalhaes.com.br\/index.php\/wp-json\/wp\/v2\/posts"}],"about":[{"href":"https:\/\/blogdoedvaldomagalhaes.com.br\/index.php\/wp-json\/wp\/v2\/types\/post"}],"author":[{"embeddable":true,"href":"https:\/\/blogdoedvaldomagalhaes.com.br\/index.php\/wp-json\/wp\/v2\/users\/1"}],"replies":[{"embeddable":true,"href":"https:\/\/blogdoedvaldomagalhaes.com.br\/index.php\/wp-json\/wp\/v2\/comments?post=89668"}],"version-history":[{"count":1,"href":"https:\/\/blogdoedvaldomagalhaes.com.br\/index.php\/wp-json\/wp\/v2\/posts\/89668\/revisions"}],"predecessor-version":[{"id":89670,"href":"https:\/\/blogdoedvaldomagalhaes.com.br\/index.php\/wp-json\/wp\/v2\/posts\/89668\/revisions\/89670"}],"wp:featuredmedia":[{"embeddable":true,"href":"https:\/\/blogdoedvaldomagalhaes.com.br\/index.php\/wp-json\/wp\/v2\/media\/89669"}],"wp:attachment":[{"href":"https:\/\/blogdoedvaldomagalhaes.com.br\/index.php\/wp-json\/wp\/v2\/media?parent=89668"}],"wp:term":[{"taxonomy":"category","embeddable":true,"href":"https:\/\/blogdoedvaldomagalhaes.com.br\/index.php\/wp-json\/wp\/v2\/categories?post=89668"},{"taxonomy":"post_tag","embeddable":true,"href":"https:\/\/blogdoedvaldomagalhaes.com.br\/index.php\/wp-json\/wp\/v2\/tags?post=89668"}],"curies":[{"name":"wp","href":"https:\/\/api.w.org\/{rel}","templated":true}]}}