{"id":89665,"date":"2022-11-06T13:38:56","date_gmt":"2022-11-06T16:38:56","guid":{"rendered":"https:\/\/blogdoedvaldomagalhaes.com.br\/?p=89665"},"modified":"2022-11-06T13:38:57","modified_gmt":"2022-11-06T16:38:57","slug":"homem-e-preso-e-adolescente-e-apreendido-apos-roubo","status":"publish","type":"post","link":"https:\/\/blogdoedvaldomagalhaes.com.br\/index.php\/2022\/11\/06\/homem-e-preso-e-adolescente-e-apreendido-apos-roubo\/","title":{"rendered":"Homem \u00e9 preso e adolescente \u00e9 apreendido ap\u00f3s roubo"},"content":{"rendered":"<p style=\"text-align: justify;\"><span style=\"font-size: revert; color: initial;\">Policiais militares da 8\u00b0 CIPM prenderam na sexta-feira (04), um homem e apreenderam um menor de idade suspeitos de roubo, em Pesqueira, no Agreste de Pernambuco. A equipe recebeu informa\u00e7\u00f5es, atrav\u00e9s da central da companhia, de que dois indiv\u00edduos, um deles com arma em punho, tomaram de assalto duas motocicletas na cidade de Sanhar\u00f3.<\/span><\/p>\n<p style=\"text-align: justify;\">Durante a investida criminosa, os suspeitos subtra\u00edram cerca de cinco aparelhos celulares na cidade de Alagoinha, bem como a quantia de R$ 359,00.<\/p>\n<p style=\"text-align: justify;\">O indiv\u00edduo que pilotava uma das motocicletas estava com um dos celulares roubados e foi interceptado e detido na PE 217, que liga a cidade de Pesqueira a Alagoinha, de frente ao aterro sanit\u00e1rio.<\/p>\n<p style=\"text-align: justify;\">J\u00e1 o adolescente foi apreendido logo na entrada da cidade de Arcoverde. Al\u00e9m do citado ve\u00edculo, foram apreendidos com ele, um rev\u00f3lver calibre 38, com quatro muni\u00e7\u00f5es intactas, usado no cometimento dos crimes, e quatro dos cinco celulares subtra\u00eddos durante o assalto.<\/p>\n<p style=\"text-align: justify;\">Ap\u00f3s levantamento da vida pregressa da dupla, verificou-se que o maior de idade responde por alguns crimes, dentre eles uma tentativa de homic\u00eddio na cidade de Arcoverde. E o menor de idade j\u00e1 esteve recolhido na funda\u00e7\u00e3o Casa, por ter praticado um homic\u00eddio a faca, tamb\u00e9m na cidade de Arcoverde.<\/p>\n<p style=\"text-align: justify;\">Diante de todo o exposto, o policiamento conduziu todos os materiais, ve\u00edculos apreendidos, suspeitos e as v\u00edtimas \u00e0 DP para ado\u00e7\u00e3o das medidas cab\u00edveis. Foto: Divulga\u00e7\u00e3o\/PMPR.<\/p>\n<p style=\"text-align: justify;\">Siga o Instagram do Blog do Edvaldo Magalh\u00e3es e se inscreva no canal do Blog no YouTube.<\/p>\n","protected":false},"excerpt":{"rendered":"<p>Policiais militares da 8\u00b0 CIPM prenderam na sexta-feira (04), um homem e apreenderam um menor de idade suspeitos de roubo,&hellip;<\/p>\n","protected":false},"author":1,"featured_media":89666,"comment_status":"closed","ping_status":"open","sticky":false,"template":"","format":"standard","meta":{"footnotes":""},"categories":[14121],"tags":[2,19532,3406,26004],"class_list":["post-89665","post","type-post","status-publish","format-standard","has-post-thumbnail","hentry","category-policial","tag-blog-do-edvaldo-magalhaes","tag-blog-mais-acessado-e-visualizado-de-caruaru-e-regiao","tag-caruaru","tag-homem-e-preso-e-adolescente-e-apreendido-apos-roubo"],"_links":{"self":[{"href":"https:\/\/blogdoedvaldomagalhaes.com.br\/index.php\/wp-json\/wp\/v2\/posts\/89665","targetHints":{"allow":["GET"]}}],"collection":[{"href":"https:\/\/blogdoedvaldomagalhaes.com.br\/index.php\/wp-json\/wp\/v2\/posts"}],"about":[{"href":"https:\/\/blogdoedvaldomagalhaes.com.br\/index.php\/wp-json\/wp\/v2\/types\/post"}],"author":[{"embeddable":true,"href":"https:\/\/blogdoedvaldomagalhaes.com.br\/index.php\/wp-json\/wp\/v2\/users\/1"}],"replies":[{"embeddable":true,"href":"https:\/\/blogdoedvaldomagalhaes.com.br\/index.php\/wp-json\/wp\/v2\/comments?post=89665"}],"version-history":[{"count":1,"href":"https:\/\/blogdoedvaldomagalhaes.com.br\/index.php\/wp-json\/wp\/v2\/posts\/89665\/revisions"}],"predecessor-version":[{"id":89667,"href":"https:\/\/blogdoedvaldomagalhaes.com.br\/index.php\/wp-json\/wp\/v2\/posts\/89665\/revisions\/89667"}],"wp:featuredmedia":[{"embeddable":true,"href":"https:\/\/blogdoedvaldomagalhaes.com.br\/index.php\/wp-json\/wp\/v2\/media\/89666"}],"wp:attachment":[{"href":"https:\/\/blogdoedvaldomagalhaes.com.br\/index.php\/wp-json\/wp\/v2\/media?parent=89665"}],"wp:term":[{"taxonomy":"category","embeddable":true,"href":"https:\/\/blogdoedvaldomagalhaes.com.br\/index.php\/wp-json\/wp\/v2\/categories?post=89665"},{"taxonomy":"post_tag","embeddable":true,"href":"https:\/\/blogdoedvaldomagalhaes.com.br\/index.php\/wp-json\/wp\/v2\/tags?post=89665"}],"curies":[{"name":"wp","href":"https:\/\/api.w.org\/{rel}","templated":true}]}}