{"id":89644,"date":"2022-11-06T09:02:08","date_gmt":"2022-11-06T12:02:08","guid":{"rendered":"https:\/\/blogdoedvaldomagalhaes.com.br\/?p=89644"},"modified":"2022-11-06T09:41:06","modified_gmt":"2022-11-06T12:41:06","slug":"grave-acidente-deixa-um-morto-e-outro-ferido-em-caruaru","status":"publish","type":"post","link":"https:\/\/blogdoedvaldomagalhaes.com.br\/index.php\/2022\/11\/06\/grave-acidente-deixa-um-morto-e-outro-ferido-em-caruaru\/","title":{"rendered":"Grave acidente deixa um morto e outro ferido em Caruaru"},"content":{"rendered":"<p style=\"text-align: justify;\">Um grave acidente de tr\u00e2nsito ocorreu na manh\u00e3 deste domingo (06), na avenida Agamenon Magalh\u00e3es, em Caruaru. O motorista de um ve\u00edculo Fiat Uno perdeu o controle da dire\u00e7\u00e3o e colidiu em duas lojas. Elton Jonatan da Silva, 23 anos de idade, morreu no local, enquanto que Eduardo que mora na Vila Ju\u00e1 e tamb\u00e9m estava no carro foi socorrido para o Hospital Regional do Agreste (HRA), pelo Corpo de Bombeiros.&nbsp;<\/p>\n<p style=\"text-align: justify;\">Siga o Instagram do Blog do Edvaldo Magalh\u00e3es e se inscreva no canal do Blog no YouTube.<\/p>\n\n\n<figure class=\"wp-block-image size-full\"><img loading=\"lazy\" decoding=\"async\" width=\"750\" height=\"750\" src=\"https:\/\/blogdoedvaldomagalhaes.com.br\/wp-content\/uploads\/2022\/11\/FB_IMG_1667736685278.jpg\" alt=\"\" class=\"wp-image-89648\" srcset=\"https:\/\/blogdoedvaldomagalhaes.com.br\/wp-content\/uploads\/2022\/11\/FB_IMG_1667736685278.jpg 750w, https:\/\/blogdoedvaldomagalhaes.com.br\/wp-content\/uploads\/2022\/11\/FB_IMG_1667736685278-300x300.jpg 300w, https:\/\/blogdoedvaldomagalhaes.com.br\/wp-content\/uploads\/2022\/11\/FB_IMG_1667736685278-150x150.jpg 150w\" sizes=\"auto, (max-width: 750px) 100vw, 750px\" \/><figcaption>Elton Jonatan\/Reprodu\u00e7\u00e3o\/Redes Sociais <\/figcaption><\/figure>\n\n\n\n<figure class=\"wp-block-image size-full\"><img loading=\"lazy\" decoding=\"async\" width=\"450\" height=\"483\" src=\"https:\/\/blogdoedvaldomagalhaes.com.br\/wp-content\/uploads\/2022\/11\/IMG-20221106-WA00372.jpg\" alt=\"\" class=\"wp-image-89653\" srcset=\"https:\/\/blogdoedvaldomagalhaes.com.br\/wp-content\/uploads\/2022\/11\/IMG-20221106-WA00372.jpg 450w, https:\/\/blogdoedvaldomagalhaes.com.br\/wp-content\/uploads\/2022\/11\/IMG-20221106-WA00372-280x300.jpg 280w\" sizes=\"auto, (max-width: 450px) 100vw, 450px\" \/><figcaption>Segunda v\u00edtima do acidente:  Eduardo<\/figcaption><\/figure>\n\n\n\n<figure class=\"wp-block-image size-large\"><img loading=\"lazy\" decoding=\"async\" width=\"1024\" height=\"484\" src=\"https:\/\/blogdoedvaldomagalhaes.com.br\/wp-content\/uploads\/2022\/11\/IMG-20221106-WA0026-1024x484.jpg\" alt=\"\" class=\"wp-image-89656\" srcset=\"https:\/\/blogdoedvaldomagalhaes.com.br\/wp-content\/uploads\/2022\/11\/IMG-20221106-WA0026-1024x484.jpg 1024w, https:\/\/blogdoedvaldomagalhaes.com.br\/wp-content\/uploads\/2022\/11\/IMG-20221106-WA0026-300x142.jpg 300w, https:\/\/blogdoedvaldomagalhaes.com.br\/wp-content\/uploads\/2022\/11\/IMG-20221106-WA0026-768x363.jpg 768w, https:\/\/blogdoedvaldomagalhaes.com.br\/wp-content\/uploads\/2022\/11\/IMG-20221106-WA0026.jpg 1280w\" sizes=\"auto, (max-width: 1024px) 100vw, 1024px\" \/><\/figure>\n\n\n\n<figure class=\"wp-block-image size-large\"><img loading=\"lazy\" decoding=\"async\" width=\"484\" height=\"1024\" src=\"https:\/\/blogdoedvaldomagalhaes.com.br\/wp-content\/uploads\/2022\/11\/IMG-20221106-WA0029-484x1024.jpg\" alt=\"\" class=\"wp-image-89660\" srcset=\"https:\/\/blogdoedvaldomagalhaes.com.br\/wp-content\/uploads\/2022\/11\/IMG-20221106-WA0029-484x1024.jpg 484w, https:\/\/blogdoedvaldomagalhaes.com.br\/wp-content\/uploads\/2022\/11\/IMG-20221106-WA0029-142x300.jpg 142w, https:\/\/blogdoedvaldomagalhaes.com.br\/wp-content\/uploads\/2022\/11\/IMG-20221106-WA0029.jpg 605w\" sizes=\"auto, (max-width: 484px) 100vw, 484px\" \/><\/figure>\n\n\n\n<p><\/p>\n\n\n\n<figure class=\"wp-block-image size-large\"><img loading=\"lazy\" decoding=\"async\" width=\"484\" height=\"1024\" src=\"https:\/\/blogdoedvaldomagalhaes.com.br\/wp-content\/uploads\/2022\/11\/IMG-20221106-WA0028-484x1024.jpg\" alt=\"\" class=\"wp-image-89661\" srcset=\"https:\/\/blogdoedvaldomagalhaes.com.br\/wp-content\/uploads\/2022\/11\/IMG-20221106-WA0028-484x1024.jpg 484w, https:\/\/blogdoedvaldomagalhaes.com.br\/wp-content\/uploads\/2022\/11\/IMG-20221106-WA0028-142x300.jpg 142w, https:\/\/blogdoedvaldomagalhaes.com.br\/wp-content\/uploads\/2022\/11\/IMG-20221106-WA0028.jpg 605w\" sizes=\"auto, (max-width: 484px) 100vw, 484px\" \/><\/figure>\n\n\n\n<figure class=\"wp-block-image size-large\"><img loading=\"lazy\" decoding=\"async\" width=\"484\" height=\"1024\" src=\"https:\/\/blogdoedvaldomagalhaes.com.br\/wp-content\/uploads\/2022\/11\/IMG-20221106-WA0027-484x1024.jpg\" alt=\"\" class=\"wp-image-89662\" srcset=\"https:\/\/blogdoedvaldomagalhaes.com.br\/wp-content\/uploads\/2022\/11\/IMG-20221106-WA0027-484x1024.jpg 484w, https:\/\/blogdoedvaldomagalhaes.com.br\/wp-content\/uploads\/2022\/11\/IMG-20221106-WA0027-142x300.jpg 142w, https:\/\/blogdoedvaldomagalhaes.com.br\/wp-content\/uploads\/2022\/11\/IMG-20221106-WA0027.jpg 605w\" sizes=\"auto, (max-width: 484px) 100vw, 484px\" \/><figcaption>Fotos: Reprodu\u00e7\u00e3o\/WhatsApp<\/figcaption><\/figure>\n","protected":false},"excerpt":{"rendered":"<p>Um grave acidente de tr\u00e2nsito ocorreu na manh\u00e3 deste domingo (06), na avenida Agamenon Magalh\u00e3es, em Caruaru. O motorista de&hellip;<\/p>\n","protected":false},"author":1,"featured_media":89645,"comment_status":"closed","ping_status":"open","sticky":false,"template":"","format":"standard","meta":{"footnotes":""},"categories":[14120],"tags":[2,19532,3406,26003],"class_list":["post-89644","post","type-post","status-publish","format-standard","has-post-thumbnail","hentry","category-noticias","tag-blog-do-edvaldo-magalhaes","tag-blog-mais-acessado-e-visualizado-de-caruaru-e-regiao","tag-caruaru","tag-grave-acidente-deixa-um-morto-e-outro-ferido-em-caruaru"],"_links":{"self":[{"href":"https:\/\/blogdoedvaldomagalhaes.com.br\/index.php\/wp-json\/wp\/v2\/posts\/89644","targetHints":{"allow":["GET"]}}],"collection":[{"href":"https:\/\/blogdoedvaldomagalhaes.com.br\/index.php\/wp-json\/wp\/v2\/posts"}],"about":[{"href":"https:\/\/blogdoedvaldomagalhaes.com.br\/index.php\/wp-json\/wp\/v2\/types\/post"}],"author":[{"embeddable":true,"href":"https:\/\/blogdoedvaldomagalhaes.com.br\/index.php\/wp-json\/wp\/v2\/users\/1"}],"replies":[{"embeddable":true,"href":"https:\/\/blogdoedvaldomagalhaes.com.br\/index.php\/wp-json\/wp\/v2\/comments?post=89644"}],"version-history":[{"count":7,"href":"https:\/\/blogdoedvaldomagalhaes.com.br\/index.php\/wp-json\/wp\/v2\/posts\/89644\/revisions"}],"predecessor-version":[{"id":89664,"href":"https:\/\/blogdoedvaldomagalhaes.com.br\/index.php\/wp-json\/wp\/v2\/posts\/89644\/revisions\/89664"}],"wp:featuredmedia":[{"embeddable":true,"href":"https:\/\/blogdoedvaldomagalhaes.com.br\/index.php\/wp-json\/wp\/v2\/media\/89645"}],"wp:attachment":[{"href":"https:\/\/blogdoedvaldomagalhaes.com.br\/index.php\/wp-json\/wp\/v2\/media?parent=89644"}],"wp:term":[{"taxonomy":"category","embeddable":true,"href":"https:\/\/blogdoedvaldomagalhaes.com.br\/index.php\/wp-json\/wp\/v2\/categories?post=89644"},{"taxonomy":"post_tag","embeddable":true,"href":"https:\/\/blogdoedvaldomagalhaes.com.br\/index.php\/wp-json\/wp\/v2\/tags?post=89644"}],"curies":[{"name":"wp","href":"https:\/\/api.w.org\/{rel}","templated":true}]}}