{"id":89641,"date":"2022-11-05T13:37:39","date_gmt":"2022-11-05T16:37:39","guid":{"rendered":"https:\/\/blogdoedvaldomagalhaes.com.br\/?p=89641"},"modified":"2022-11-05T13:37:41","modified_gmt":"2022-11-05T16:37:41","slug":"acao-cultural-pernambuco-na-luta-contra-as-drogas-acontece-de-09-a-23-de-novembro-em-gravata","status":"publish","type":"post","link":"https:\/\/blogdoedvaldomagalhaes.com.br\/index.php\/2022\/11\/05\/acao-cultural-pernambuco-na-luta-contra-as-drogas-acontece-de-09-a-23-de-novembro-em-gravata\/","title":{"rendered":"A\u00e7\u00e3o Cultural Pernambuco na Luta contra as drogas acontece de 09 a 23 de novembro em Gravat\u00e1"},"content":{"rendered":"<p style=\"text-align: justify;\"><span style=\"color: initial; font-size: revert;\">A cidade de Gravat\u00e1, no agreste pernambucano, sediar\u00e1 no per\u00edodo de 09 a 23 de novembro a a\u00e7\u00e3o cultural: \u201cPernambuco na Luta Contra as Drogas\u201d. O evento \u00e9 uma realiza\u00e7\u00e3o do IAB \u2013 INSTITUTO ASA BRANCA, uma organiza\u00e7\u00e3o da sociedade civil sem fins lucrativos, e acontecer\u00e1 no P\u00e1tio de Eventos Chucre Mussa Zarzar. Na programa\u00e7\u00e3o consta diversos cursos de qualifica\u00e7\u00e3o profissional, oficinas art\u00edsticas e culturais, palestras e rodas de saberes com convidados renomados e autoridades.<\/span><\/p>\n<p style=\"text-align: justify;\">A \u201cA\u00e7\u00e3o Cultural Pernambuco na Luta Contra as Drogas\u201d t\u00eam como objetivo possibilitar o acesso gratuito de crian\u00e7as, jovens e adultos a cursos de qualifica\u00e7\u00e3o profissional, oficinas art\u00edsticas, culturais e de empreendedorismo, principalmente para uma parcela da popula\u00e7\u00e3o que se encontram em condi\u00e7\u00e3o de vulnerabilidade e risco social, na imin\u00eancia de utilizar diversos tipos de drogas.<\/p>\n<p style=\"text-align: justify;\">Ao todo, mais de 650 pessoas ser\u00e3o atendidas, em quatro cursos com 80 vagas, 15 oficinas com 570 vagas e mais 06 rodas de saberes e palestras.<\/p>\n<p style=\"text-align: justify;\">As inscri\u00e7\u00f5es para acesso aos servi\u00e7os e a\u00e7\u00f5es disponibilizados pelo evento ser\u00e3o atrav\u00e9s dos CRAS &#8211; Centros de Refer\u00eancia da Assist\u00eancia Social do Munic\u00edpio de Gravat\u00e1, situados:<\/p>\n<p style=\"text-align: justify;\">CRAS I &#8211; Rua do Cruzeiro, 75, Cruzeiro<br \/>\nCRAS II &#8211; Rua Auditor Jurandir de Medeiros, S\/N, \u00c1rea Verde<br \/>\nCRAS III &#8211; CAIC<br \/>\nCRAS IV &#8211; Rua Heleno Joaquim de Santana, 23, Maria Auxiliadora e<br \/>\nna sede do IAB &#8211; INSTITUTO ASA BRANCA.<\/p>\n<p style=\"text-align: justify;\">Os cursos e as oficinas acontecem de 10 a 23 de novembro, com carga hor\u00e1ria de 40h, com certifica\u00e7\u00e3o do SENAI. As oficinas de empreendedorismo, gera\u00e7\u00e3o de renda, cultura e lazer ser\u00e3o realizadas no per\u00edodo de 10 a 22 de novembro, cada oficina ter\u00e1 carga hor\u00e1ria espec\u00edfica.<\/p>\n<p style=\"text-align: justify;\">A certifica\u00e7\u00e3o das oficinas e cursos ser\u00e1 realizada no dia 23 de novembro, das 17h \u00e0s 19h, quando ocorrer\u00e1 a culmin\u00e2ncia das atividades.<\/p>\n<p style=\"text-align: justify;\">O PERNAMBUCO NA LUTA CONTRA AS DROGAS, tem como prioridade oportunizar a\u00e7\u00f5es educadoras e empreendedoras, atrav\u00e9s da dissemina\u00e7\u00e3o da arte e da cultura como elementos fundamentais de resgate da cidadania. O evento \u00e9 uma realiza\u00e7\u00e3o do IAB \u2013 INSTITUTO ASA BRANCA e conta com o apoio da Prefeitura de Gravat\u00e1, FUNDARPE, SENAI e SEBRAE.<\/p>\n","protected":false},"excerpt":{"rendered":"<p>A cidade de Gravat\u00e1, no agreste pernambucano, sediar\u00e1 no per\u00edodo de 09 a 23 de novembro a a\u00e7\u00e3o cultural: \u201cPernambuco&hellip;<\/p>\n","protected":false},"author":1,"featured_media":89642,"comment_status":"closed","ping_status":"open","sticky":false,"template":"","format":"standard","meta":{"footnotes":""},"categories":[14120],"tags":[26002,2,19532,3406],"class_list":["post-89641","post","type-post","status-publish","format-standard","has-post-thumbnail","hentry","category-noticias","tag-acao-cultural-pernambuco-na-luta-contra-as-drogas-acontece-de-09-a-23-de-novembro-em-gravata","tag-blog-do-edvaldo-magalhaes","tag-blog-mais-acessado-e-visualizado-de-caruaru-e-regiao","tag-caruaru"],"_links":{"self":[{"href":"https:\/\/blogdoedvaldomagalhaes.com.br\/index.php\/wp-json\/wp\/v2\/posts\/89641","targetHints":{"allow":["GET"]}}],"collection":[{"href":"https:\/\/blogdoedvaldomagalhaes.com.br\/index.php\/wp-json\/wp\/v2\/posts"}],"about":[{"href":"https:\/\/blogdoedvaldomagalhaes.com.br\/index.php\/wp-json\/wp\/v2\/types\/post"}],"author":[{"embeddable":true,"href":"https:\/\/blogdoedvaldomagalhaes.com.br\/index.php\/wp-json\/wp\/v2\/users\/1"}],"replies":[{"embeddable":true,"href":"https:\/\/blogdoedvaldomagalhaes.com.br\/index.php\/wp-json\/wp\/v2\/comments?post=89641"}],"version-history":[{"count":1,"href":"https:\/\/blogdoedvaldomagalhaes.com.br\/index.php\/wp-json\/wp\/v2\/posts\/89641\/revisions"}],"predecessor-version":[{"id":89643,"href":"https:\/\/blogdoedvaldomagalhaes.com.br\/index.php\/wp-json\/wp\/v2\/posts\/89641\/revisions\/89643"}],"wp:featuredmedia":[{"embeddable":true,"href":"https:\/\/blogdoedvaldomagalhaes.com.br\/index.php\/wp-json\/wp\/v2\/media\/89642"}],"wp:attachment":[{"href":"https:\/\/blogdoedvaldomagalhaes.com.br\/index.php\/wp-json\/wp\/v2\/media?parent=89641"}],"wp:term":[{"taxonomy":"category","embeddable":true,"href":"https:\/\/blogdoedvaldomagalhaes.com.br\/index.php\/wp-json\/wp\/v2\/categories?post=89641"},{"taxonomy":"post_tag","embeddable":true,"href":"https:\/\/blogdoedvaldomagalhaes.com.br\/index.php\/wp-json\/wp\/v2\/tags?post=89641"}],"curies":[{"name":"wp","href":"https:\/\/api.w.org\/{rel}","templated":true}]}}