{"id":89638,"date":"2022-11-04T20:32:38","date_gmt":"2022-11-04T23:32:38","guid":{"rendered":"https:\/\/blogdoedvaldomagalhaes.com.br\/?p=89638"},"modified":"2022-11-04T20:32:40","modified_gmt":"2022-11-04T23:32:40","slug":"sesi-pe-oferta-300-vagas-em-cursos-gratuitos-de-qualificacao-profissional","status":"publish","type":"post","link":"https:\/\/blogdoedvaldomagalhaes.com.br\/index.php\/2022\/11\/04\/sesi-pe-oferta-300-vagas-em-cursos-gratuitos-de-qualificacao-profissional\/","title":{"rendered":"SESI-PE oferta 300 vagas em cursos gratuitos de qualifica\u00e7\u00e3o profissional"},"content":{"rendered":"<p style=\"text-align: justify;\"><span style=\"color: initial; font-size: revert;\">O Servi\u00e7o Social da Ind\u00fastria de Pernambuco (SESI-PE) est\u00e1 oferecendo 300 vagas para cursos gratuitos, sendo 150 para \u201cRelacionamento Interpessoal no Ambiente do Trabalho\u201d e outras 150 para \u201cA Import\u00e2ncia do Feedback\u201d. As inscri\u00e7\u00f5es est\u00e3o abertas e podem ser realizadas pelo site pe.sesi.org.br, na se\u00e7\u00e3o \u201cEduca\u00e7\u00e3o a Dist\u00e2ncia\u201d, at\u00e9 o pr\u00f3ximo dia 15 de novembro ou at\u00e9 as vagas serem preenchidas. Os interessados em realizar os cursos precisam ter a partir de 16 anos, no\u00e7\u00f5es b\u00e1sicas de internet e acesso \u00e0 internet e e-mail. Ap\u00f3s a matr\u00edcula, o estudante ter\u00e1 at\u00e9 30 dias para acompanhar os conte\u00fados e concluir o curso escolhido.<\/span><\/p>\n<p style=\"text-align: justify;\">O objetivo do curso \u201cRelacionamento Interpessoal no Ambiente do Trabalho\u201d \u00e9 fazer com que os alunos reflitam sobre a import\u00e2ncia das rela\u00e7\u00f5es no mundo corporativo visando um ambiente de trabalho saud\u00e1vel. Entre os conte\u00fados que ser\u00e3o trabalhados est\u00e3o \u201cO ambiente de trabalho e as rela\u00e7\u00f5es\u201d; \u201cIntelig\u00eancia interpessoal\u201d; \u201cPercep\u00e7\u00e3o: eu e o outro\u201d; \u201cComunica\u00e7\u00e3o\u201d; \u201cEscuta\u201d; \u201cAssertividade\u201d; \u201cEmpatia\u201d; \u201cCordialidade\u201d; \u201c\u00c9tica\u201d; e \u201cGest\u00e3o de Conflitos\u201d. A carga hor\u00e1ria \u00e9 de 12 horas.<\/p>\n<p style=\"text-align: justify;\">J\u00e1 no curso \u201cA Import\u00e2ncia do Feedback\u201d, cuja carga hor\u00e1ria \u00e9 de 8 horas, o aluno sair\u00e1 compreendendo o que \u00e9 e como dar um feedback e reconhecendo a ferramenta como algo essencial nas rela\u00e7\u00f5es de trabalho. Ser\u00e3o estudados temas como \u201cDefini\u00e7\u00e3o de Feedback\u201d; \u201cSegredo para uma boa lideran\u00e7a\u201d; \u201cPor que a maioria das pessoas tem dificuldade em receber feedback?\u201d; \u201cPor que \u00e9 t\u00e3o dif\u00edcil dar um feedback?\u201d; \u201cQuando dar feedback?\u201d; \u201cO que falar para o funcion\u00e1rio?\u201d; e \u201cFeedback como um espa\u00e7o aberto\u201d.<\/p>\n<p style=\"text-align: justify;\">Ap\u00f3s concluir o curso, os alunos ter\u00e3o que realizar uma avalia\u00e7\u00e3o na plataforma educacional e, ao alcan\u00e7ar 70 pontos ou mais no exame, receber\u00e3o o Certificado de Conclus\u00e3o. Para tirar d\u00favidas ou obter outras informa\u00e7\u00f5es, basta entrar em contato pelo WhatsApp (81) 8151-8375 ou pelo e-mail educacao.distancia@pe.sesi.org.br. Foto: Divulga\u00e7\u00e3o.<\/p>\n<p style=\"text-align: justify;\">Siga o Instagram do Blog do Edvaldo Magalh\u00e3es e se inscreva no canal do Blog no YouTube.<\/p>\n","protected":false},"excerpt":{"rendered":"<p>O Servi\u00e7o Social da Ind\u00fastria de Pernambuco (SESI-PE) est\u00e1 oferecendo 300 vagas para cursos gratuitos, sendo 150 para \u201cRelacionamento Interpessoal&hellip;<\/p>\n","protected":false},"author":1,"featured_media":89639,"comment_status":"closed","ping_status":"open","sticky":false,"template":"","format":"standard","meta":{"footnotes":""},"categories":[14120],"tags":[2,19532,3406,26001],"class_list":["post-89638","post","type-post","status-publish","format-standard","has-post-thumbnail","hentry","category-noticias","tag-blog-do-edvaldo-magalhaes","tag-blog-mais-acessado-e-visualizado-de-caruaru-e-regiao","tag-caruaru","tag-sesi-pe-oferta-300-vagas-em-cursos-gratuitos-de-qualificacao-profissiona"],"_links":{"self":[{"href":"https:\/\/blogdoedvaldomagalhaes.com.br\/index.php\/wp-json\/wp\/v2\/posts\/89638","targetHints":{"allow":["GET"]}}],"collection":[{"href":"https:\/\/blogdoedvaldomagalhaes.com.br\/index.php\/wp-json\/wp\/v2\/posts"}],"about":[{"href":"https:\/\/blogdoedvaldomagalhaes.com.br\/index.php\/wp-json\/wp\/v2\/types\/post"}],"author":[{"embeddable":true,"href":"https:\/\/blogdoedvaldomagalhaes.com.br\/index.php\/wp-json\/wp\/v2\/users\/1"}],"replies":[{"embeddable":true,"href":"https:\/\/blogdoedvaldomagalhaes.com.br\/index.php\/wp-json\/wp\/v2\/comments?post=89638"}],"version-history":[{"count":1,"href":"https:\/\/blogdoedvaldomagalhaes.com.br\/index.php\/wp-json\/wp\/v2\/posts\/89638\/revisions"}],"predecessor-version":[{"id":89640,"href":"https:\/\/blogdoedvaldomagalhaes.com.br\/index.php\/wp-json\/wp\/v2\/posts\/89638\/revisions\/89640"}],"wp:featuredmedia":[{"embeddable":true,"href":"https:\/\/blogdoedvaldomagalhaes.com.br\/index.php\/wp-json\/wp\/v2\/media\/89639"}],"wp:attachment":[{"href":"https:\/\/blogdoedvaldomagalhaes.com.br\/index.php\/wp-json\/wp\/v2\/media?parent=89638"}],"wp:term":[{"taxonomy":"category","embeddable":true,"href":"https:\/\/blogdoedvaldomagalhaes.com.br\/index.php\/wp-json\/wp\/v2\/categories?post=89638"},{"taxonomy":"post_tag","embeddable":true,"href":"https:\/\/blogdoedvaldomagalhaes.com.br\/index.php\/wp-json\/wp\/v2\/tags?post=89638"}],"curies":[{"name":"wp","href":"https:\/\/api.w.org\/{rel}","templated":true}]}}