{"id":89635,"date":"2022-11-04T15:16:05","date_gmt":"2022-11-04T18:16:05","guid":{"rendered":"https:\/\/blogdoedvaldomagalhaes.com.br\/?p=89635"},"modified":"2022-11-04T15:16:06","modified_gmt":"2022-11-04T18:16:06","slug":"receita-federal-apreende-celulares-carregadores-capas-perfumes-e-eletronicos-avaliados-em-r-100-mil","status":"publish","type":"post","link":"https:\/\/blogdoedvaldomagalhaes.com.br\/index.php\/2022\/11\/04\/receita-federal-apreende-celulares-carregadores-capas-perfumes-e-eletronicos-avaliados-em-r-100-mil\/","title":{"rendered":"Receita Federal apreende celulares, carregadores, capas, perfumes e eletr\u00f4nicos avaliados em R$ 100 mil"},"content":{"rendered":"<p style=\"text-align: justify;\"><span style=\"color: initial; font-size: revert;\">Uma carga de produtos estrangeiros irregulares foi apreendida, nesta quinta (3), no Aeroporto Internacional do Recife\/Guararapes. Entre as mercadorias estavam 14 celulares Iphone e 50 carregadores, al\u00e9m de capas, headphones e perfumes. O material est\u00e1 avaliado em cerca de R$ 100 mil.<\/span><\/p>\n<p style=\"text-align: justify;\">As mercadorias n\u00e3o possu\u00edam nota fiscal nem comprova\u00e7\u00e3o da regular importa\u00e7\u00e3o. O material estava na posse de passageiro que informou possuir loja virtual onde os celulares seriam comercializados. O voo teve origem em Guarulhos\/SP.<\/p>\n<p style=\"text-align: justify;\">O passageiro foi autuado e teve os produtos retidos. Caso n\u00e3o comprove o regular pagamento dos tributos, poder\u00e1 sofrer san\u00e7\u00f5es fiscais e ser indiciado pelo crime de descaminho, cuja pena pode variar de um a quatro anos de reclus\u00e3o.<\/p>\n<p style=\"text-align: justify;\">A opera\u00e7\u00e3o foi realizada pela Divis\u00e3o de Vigil\u00e2ncia e Repress\u00e3o ao Contrabando e Descaminho (Direp04) , em parceria com a Inspetoria da Receita Federal no Aeroporto do Recife.<\/p>\n<p style=\"text-align: justify;\">A a\u00e7\u00e3o visa coibir o com\u00e9rcio de produtos estrangeiros ilegais. As inspe\u00e7\u00f5es ocorrem em \u00e1reas de desembarque de voos nacionais com origem em cidades consideradas grandes centros de distribui\u00e7\u00e3o de mercadorias.<\/p>\n<p style=\"text-align: justify;\">O monitoramento nos voos dom\u00e9sticos identifica diversos alvos que internalizam no Brasil produtos de alto valor agregado, de origem il\u00edcita, que chegam a diversos estados do pa\u00eds pelos aeroportos.<\/p>\n<p style=\"text-align: justify;\">Os celulares, carregadores, capas, perfumes e eletr\u00f4nicos irregulares foram encaminhados aos dep\u00f3sitos da Receita Federal e, ap\u00f3s o devido processo administrativo, podem ser leiloados e o valor revertido em prol da sociedade. Foto: Reprodu\u00e7\u00e3o\/WhatsApp.<\/p>\n<p style=\"text-align: justify;\">Siga o Instagram do Blog do Edvaldo Magalh\u00e3es e se inscreva no canal do Blog no YouTube.<\/p>\n","protected":false},"excerpt":{"rendered":"<p>Uma carga de produtos estrangeiros irregulares foi apreendida, nesta quinta (3), no Aeroporto Internacional do Recife\/Guararapes. Entre as mercadorias estavam&hellip;<\/p>\n","protected":false},"author":1,"featured_media":89636,"comment_status":"closed","ping_status":"open","sticky":false,"template":"","format":"standard","meta":{"footnotes":""},"categories":[14120],"tags":[2,19532,3406,26000],"class_list":["post-89635","post","type-post","status-publish","format-standard","has-post-thumbnail","hentry","category-noticias","tag-blog-do-edvaldo-magalhaes","tag-blog-mais-acessado-e-visualizado-de-caruaru-e-regiao","tag-caruaru","tag-receita-federal-apreende-celulares-carregadores-caldas-no-aeroporto-do-recife"],"_links":{"self":[{"href":"https:\/\/blogdoedvaldomagalhaes.com.br\/index.php\/wp-json\/wp\/v2\/posts\/89635","targetHints":{"allow":["GET"]}}],"collection":[{"href":"https:\/\/blogdoedvaldomagalhaes.com.br\/index.php\/wp-json\/wp\/v2\/posts"}],"about":[{"href":"https:\/\/blogdoedvaldomagalhaes.com.br\/index.php\/wp-json\/wp\/v2\/types\/post"}],"author":[{"embeddable":true,"href":"https:\/\/blogdoedvaldomagalhaes.com.br\/index.php\/wp-json\/wp\/v2\/users\/1"}],"replies":[{"embeddable":true,"href":"https:\/\/blogdoedvaldomagalhaes.com.br\/index.php\/wp-json\/wp\/v2\/comments?post=89635"}],"version-history":[{"count":1,"href":"https:\/\/blogdoedvaldomagalhaes.com.br\/index.php\/wp-json\/wp\/v2\/posts\/89635\/revisions"}],"predecessor-version":[{"id":89637,"href":"https:\/\/blogdoedvaldomagalhaes.com.br\/index.php\/wp-json\/wp\/v2\/posts\/89635\/revisions\/89637"}],"wp:featuredmedia":[{"embeddable":true,"href":"https:\/\/blogdoedvaldomagalhaes.com.br\/index.php\/wp-json\/wp\/v2\/media\/89636"}],"wp:attachment":[{"href":"https:\/\/blogdoedvaldomagalhaes.com.br\/index.php\/wp-json\/wp\/v2\/media?parent=89635"}],"wp:term":[{"taxonomy":"category","embeddable":true,"href":"https:\/\/blogdoedvaldomagalhaes.com.br\/index.php\/wp-json\/wp\/v2\/categories?post=89635"},{"taxonomy":"post_tag","embeddable":true,"href":"https:\/\/blogdoedvaldomagalhaes.com.br\/index.php\/wp-json\/wp\/v2\/tags?post=89635"}],"curies":[{"name":"wp","href":"https:\/\/api.w.org\/{rel}","templated":true}]}}