{"id":89632,"date":"2022-11-04T11:11:01","date_gmt":"2022-11-04T14:11:01","guid":{"rendered":"https:\/\/blogdoedvaldomagalhaes.com.br\/?p=89632"},"modified":"2022-11-04T11:11:02","modified_gmt":"2022-11-04T14:11:02","slug":"igreja-evangelica-assembleia-de-deus-em-pernambuco-comemora-os-90-anos-de-fundacao-da-filial-em-caruaru","status":"publish","type":"post","link":"https:\/\/blogdoedvaldomagalhaes.com.br\/index.php\/2022\/11\/04\/igreja-evangelica-assembleia-de-deus-em-pernambuco-comemora-os-90-anos-de-fundacao-da-filial-em-caruaru\/","title":{"rendered":"Igreja Evang\u00e9lica Assembleia de Deus em Pernambuco, comemora os 90 anos de funda\u00e7\u00e3o da filial em Caruaru"},"content":{"rendered":"<p style=\"text-align: justify;\">A Igreja Evang\u00e9lica Assembleia de Deus em Pernambuco, comemora neste s\u00e1bado (05\/11) os 90 anos de funda\u00e7\u00e3o da filial em Caruaru. Com o tema &#8220;At\u00e9 que venha o Senhor&#8221;, o evento reunir\u00e1 caravanas de v\u00e1rias partes do estado, sendo realizado no P\u00e1tio de Eventos com in\u00edcio a partir das 16h.<\/p>\n<p style=\"text-align: justify;\">A expectativa \u00e9 que cerca de 40 mil pessoas comparecam ao culto festivo. Ser\u00e1 uma noite de adora\u00e7\u00e3o com v\u00e1rios cantores, corais, banda marcial, apresenta\u00e7\u00e3o da hist\u00f3ria da igreja na cidade e a prega\u00e7\u00e3o da palavra de Deus. Foto: Divulga\u00e7\u00e3o.<\/p>\n<p style=\"text-align: justify;\">Siga o Instagram do Blog do Edvaldo Magalh\u00e3es e se inscreva no canal do Blog no YouTube.<\/p>\n","protected":false},"excerpt":{"rendered":"<p>A Igreja Evang\u00e9lica Assembleia de Deus em Pernambuco, comemora neste s\u00e1bado (05\/11) os 90 anos de funda\u00e7\u00e3o da filial em&hellip;<\/p>\n","protected":false},"author":1,"featured_media":89633,"comment_status":"closed","ping_status":"open","sticky":false,"template":"","format":"standard","meta":{"footnotes":""},"categories":[14120],"tags":[2,19532,3406,25999],"class_list":["post-89632","post","type-post","status-publish","format-standard","has-post-thumbnail","hentry","category-noticias","tag-blog-do-edvaldo-magalhaes","tag-blog-mais-acessado-e-visualizado-de-caruaru-e-regiao","tag-caruaru","tag-igreja-evangelica-assembleia-de-deus-em-pernambuco-comemora-os-90-anos-de-fundacao-da-filial-em-caruaru"],"_links":{"self":[{"href":"https:\/\/blogdoedvaldomagalhaes.com.br\/index.php\/wp-json\/wp\/v2\/posts\/89632","targetHints":{"allow":["GET"]}}],"collection":[{"href":"https:\/\/blogdoedvaldomagalhaes.com.br\/index.php\/wp-json\/wp\/v2\/posts"}],"about":[{"href":"https:\/\/blogdoedvaldomagalhaes.com.br\/index.php\/wp-json\/wp\/v2\/types\/post"}],"author":[{"embeddable":true,"href":"https:\/\/blogdoedvaldomagalhaes.com.br\/index.php\/wp-json\/wp\/v2\/users\/1"}],"replies":[{"embeddable":true,"href":"https:\/\/blogdoedvaldomagalhaes.com.br\/index.php\/wp-json\/wp\/v2\/comments?post=89632"}],"version-history":[{"count":1,"href":"https:\/\/blogdoedvaldomagalhaes.com.br\/index.php\/wp-json\/wp\/v2\/posts\/89632\/revisions"}],"predecessor-version":[{"id":89634,"href":"https:\/\/blogdoedvaldomagalhaes.com.br\/index.php\/wp-json\/wp\/v2\/posts\/89632\/revisions\/89634"}],"wp:featuredmedia":[{"embeddable":true,"href":"https:\/\/blogdoedvaldomagalhaes.com.br\/index.php\/wp-json\/wp\/v2\/media\/89633"}],"wp:attachment":[{"href":"https:\/\/blogdoedvaldomagalhaes.com.br\/index.php\/wp-json\/wp\/v2\/media?parent=89632"}],"wp:term":[{"taxonomy":"category","embeddable":true,"href":"https:\/\/blogdoedvaldomagalhaes.com.br\/index.php\/wp-json\/wp\/v2\/categories?post=89632"},{"taxonomy":"post_tag","embeddable":true,"href":"https:\/\/blogdoedvaldomagalhaes.com.br\/index.php\/wp-json\/wp\/v2\/tags?post=89632"}],"curies":[{"name":"wp","href":"https:\/\/api.w.org\/{rel}","templated":true}]}}