{"id":89629,"date":"2022-11-04T10:26:11","date_gmt":"2022-11-04T13:26:11","guid":{"rendered":"https:\/\/blogdoedvaldomagalhaes.com.br\/?p=89629"},"modified":"2022-11-04T10:26:13","modified_gmt":"2022-11-04T13:26:13","slug":"homem-e-detido-pela-prf-em-garanhuns-apos-adquirir-moto-adulterada-por-r32-mil","status":"publish","type":"post","link":"https:\/\/blogdoedvaldomagalhaes.com.br\/index.php\/2022\/11\/04\/homem-e-detido-pela-prf-em-garanhuns-apos-adquirir-moto-adulterada-por-r32-mil\/","title":{"rendered":"Homem \u00e9 detido pela PRF em Garanhuns, ap\u00f3s adquirir moto adulterada por R$3,2 mil"},"content":{"rendered":"<p style=\"text-align: justify;\"><span style=\"color: initial; font-size: revert;\">Um homem que conduzia uma moto adulterada foi detido na quinta-feira (3), pela Pol\u00edcia Rodovi\u00e1ria Federal (PRF), na BR 424, em Garanhuns, no Agreste pernambucano. O motorista alegou que havia comprado o ve\u00edculo proveniente de um leil\u00e3o por R$3,2 mil.<\/span><\/p>\n<p style=\"text-align: justify;\">Durante a abordagem, policiais realizaram uma verifica\u00e7\u00e3o na moto e encontraram diversos sinais de adultera\u00e7\u00e3o. O homem apresentou uma nota de um leil\u00e3o, mas a equipe constatou diverg\u00eancias no documento.<\/p>\n<p style=\"text-align: justify;\">O motorista foi encaminhado junto com o ve\u00edculo \u00e0 Delegacia de Pol\u00edcia Civil de Garanhuns, para ado\u00e7\u00e3o das medidas cab\u00edveis. Foto: Divulga\u00e7\u00e3o\/PRF.<\/p>\n<p style=\"text-align: justify;\">Siga o Instagram do Blog do Edvaldo Magalh\u00e3es e se inscreva no canal do Blog no YouTube.<\/p>\n","protected":false},"excerpt":{"rendered":"<p>Um homem que conduzia uma moto adulterada foi detido na quinta-feira (3), pela Pol\u00edcia Rodovi\u00e1ria Federal (PRF), na BR 424,&hellip;<\/p>\n","protected":false},"author":1,"featured_media":89630,"comment_status":"closed","ping_status":"open","sticky":false,"template":"","format":"standard","meta":{"footnotes":""},"categories":[14121],"tags":[2,19532,3406,25998],"class_list":["post-89629","post","type-post","status-publish","format-standard","has-post-thumbnail","hentry","category-policial","tag-blog-do-edvaldo-magalhaes","tag-blog-mais-acessado-e-visualizado-de-caruaru-e-regiao","tag-caruaru","tag-homem-e-detido-em-garanhuns-apos-adquirir-moto-adulterada"],"_links":{"self":[{"href":"https:\/\/blogdoedvaldomagalhaes.com.br\/index.php\/wp-json\/wp\/v2\/posts\/89629","targetHints":{"allow":["GET"]}}],"collection":[{"href":"https:\/\/blogdoedvaldomagalhaes.com.br\/index.php\/wp-json\/wp\/v2\/posts"}],"about":[{"href":"https:\/\/blogdoedvaldomagalhaes.com.br\/index.php\/wp-json\/wp\/v2\/types\/post"}],"author":[{"embeddable":true,"href":"https:\/\/blogdoedvaldomagalhaes.com.br\/index.php\/wp-json\/wp\/v2\/users\/1"}],"replies":[{"embeddable":true,"href":"https:\/\/blogdoedvaldomagalhaes.com.br\/index.php\/wp-json\/wp\/v2\/comments?post=89629"}],"version-history":[{"count":1,"href":"https:\/\/blogdoedvaldomagalhaes.com.br\/index.php\/wp-json\/wp\/v2\/posts\/89629\/revisions"}],"predecessor-version":[{"id":89631,"href":"https:\/\/blogdoedvaldomagalhaes.com.br\/index.php\/wp-json\/wp\/v2\/posts\/89629\/revisions\/89631"}],"wp:featuredmedia":[{"embeddable":true,"href":"https:\/\/blogdoedvaldomagalhaes.com.br\/index.php\/wp-json\/wp\/v2\/media\/89630"}],"wp:attachment":[{"href":"https:\/\/blogdoedvaldomagalhaes.com.br\/index.php\/wp-json\/wp\/v2\/media?parent=89629"}],"wp:term":[{"taxonomy":"category","embeddable":true,"href":"https:\/\/blogdoedvaldomagalhaes.com.br\/index.php\/wp-json\/wp\/v2\/categories?post=89629"},{"taxonomy":"post_tag","embeddable":true,"href":"https:\/\/blogdoedvaldomagalhaes.com.br\/index.php\/wp-json\/wp\/v2\/tags?post=89629"}],"curies":[{"name":"wp","href":"https:\/\/api.w.org\/{rel}","templated":true}]}}