{"id":89626,"date":"2022-11-04T09:56:26","date_gmt":"2022-11-04T12:56:26","guid":{"rendered":"https:\/\/blogdoedvaldomagalhaes.com.br\/?p=89626"},"modified":"2022-11-04T09:56:28","modified_gmt":"2022-11-04T12:56:28","slug":"prf-recupera-carro-roubado-que-ainda-nao-possuia-queixa-em-caruaru","status":"publish","type":"post","link":"https:\/\/blogdoedvaldomagalhaes.com.br\/index.php\/2022\/11\/04\/prf-recupera-carro-roubado-que-ainda-nao-possuia-queixa-em-caruaru\/","title":{"rendered":"PRF recupera carro roubado que ainda n\u00e3o possu\u00eda queixa em Caruaru"},"content":{"rendered":"<p style=\"text-align: justify;\"><span style=\"color: initial; font-size: revert;\">Um carro roubado que ainda n\u00e3o possu\u00eda queixa de roubo foi recuperado pela Pol\u00edcia Rodovi\u00e1ria Federal (PRF) na quinta-feira (3), em Caruaru, no Agreste de Pernambuco. O ve\u00edculo havia sido levado por assaltantes horas antes e utilizado para roubar uma caminhonete.<\/span><\/p>\n<p style=\"text-align: justify;\">Policiais receberam informa\u00e7\u00f5es de que o propriet\u00e1rio do carro havia sido abordado no momento em que trafegava perto de Lajes e levado como ref\u00e9m por assaltantes. Ao chegarem em Caruaru, os criminosos roubaram uma caminhonete ocupado por tr\u00eas homens e levaram todas as v\u00edtimas como ref\u00e9ns.<\/p>\n<p style=\"text-align: justify;\">Ap\u00f3s ser liberado pelos assaltantes, o dono do carro foi \u00e0 Delegacia da PRF de Caruaru e relatou o caso \u00e0 equipe. Os policiais realizaram buscas na regi\u00e3o e conseguiram recuperar o carro, que foi encaminhado ao p\u00e1tio para ser devolvido ao propriet\u00e1rio. Foto: Reprodu\u00e7\u00e3o\/PRF.<\/p>\n<p style=\"text-align: justify;\">Siga o Instagram do Blog do Edvaldo Magalh\u00e3es e se inscreva no canal do Blog no YouTube.<\/p>\n","protected":false},"excerpt":{"rendered":"<p>Um carro roubado que ainda n\u00e3o possu\u00eda queixa de roubo foi recuperado pela Pol\u00edcia Rodovi\u00e1ria Federal (PRF) na quinta-feira (3),&hellip;<\/p>\n","protected":false},"author":1,"featured_media":89627,"comment_status":"closed","ping_status":"open","sticky":false,"template":"","format":"standard","meta":{"footnotes":""},"categories":[14121],"tags":[2,19532,3406,25997],"class_list":["post-89626","post","type-post","status-publish","format-standard","has-post-thumbnail","hentry","category-policial","tag-blog-do-edvaldo-magalhaes","tag-blog-mais-acessado-e-visualizado-de-caruaru-e-regiao","tag-caruaru","tag-prf-recupera-carro-roubado-que-ainda-nao-possuia-queixa-em-caruaru"],"_links":{"self":[{"href":"https:\/\/blogdoedvaldomagalhaes.com.br\/index.php\/wp-json\/wp\/v2\/posts\/89626","targetHints":{"allow":["GET"]}}],"collection":[{"href":"https:\/\/blogdoedvaldomagalhaes.com.br\/index.php\/wp-json\/wp\/v2\/posts"}],"about":[{"href":"https:\/\/blogdoedvaldomagalhaes.com.br\/index.php\/wp-json\/wp\/v2\/types\/post"}],"author":[{"embeddable":true,"href":"https:\/\/blogdoedvaldomagalhaes.com.br\/index.php\/wp-json\/wp\/v2\/users\/1"}],"replies":[{"embeddable":true,"href":"https:\/\/blogdoedvaldomagalhaes.com.br\/index.php\/wp-json\/wp\/v2\/comments?post=89626"}],"version-history":[{"count":1,"href":"https:\/\/blogdoedvaldomagalhaes.com.br\/index.php\/wp-json\/wp\/v2\/posts\/89626\/revisions"}],"predecessor-version":[{"id":89628,"href":"https:\/\/blogdoedvaldomagalhaes.com.br\/index.php\/wp-json\/wp\/v2\/posts\/89626\/revisions\/89628"}],"wp:featuredmedia":[{"embeddable":true,"href":"https:\/\/blogdoedvaldomagalhaes.com.br\/index.php\/wp-json\/wp\/v2\/media\/89627"}],"wp:attachment":[{"href":"https:\/\/blogdoedvaldomagalhaes.com.br\/index.php\/wp-json\/wp\/v2\/media?parent=89626"}],"wp:term":[{"taxonomy":"category","embeddable":true,"href":"https:\/\/blogdoedvaldomagalhaes.com.br\/index.php\/wp-json\/wp\/v2\/categories?post=89626"},{"taxonomy":"post_tag","embeddable":true,"href":"https:\/\/blogdoedvaldomagalhaes.com.br\/index.php\/wp-json\/wp\/v2\/tags?post=89626"}],"curies":[{"name":"wp","href":"https:\/\/api.w.org\/{rel}","templated":true}]}}