{"id":89623,"date":"2022-11-04T08:43:02","date_gmt":"2022-11-04T11:43:02","guid":{"rendered":"https:\/\/blogdoedvaldomagalhaes.com.br\/?p=89623"},"modified":"2022-11-04T08:43:04","modified_gmt":"2022-11-04T11:43:04","slug":"paraibano-e-detido-com-arma-e-drogas-em-pernambuco","status":"publish","type":"post","link":"https:\/\/blogdoedvaldomagalhaes.com.br\/index.php\/2022\/11\/04\/paraibano-e-detido-com-arma-e-drogas-em-pernambuco\/","title":{"rendered":"Paraibano \u00e9 detido com arma e drogas em Pernambuco"},"content":{"rendered":"<p style=\"text-align: justify;\"><span style=\"color: initial; font-size: revert;\">Um homem foi preso, quinta-feira (03\/11), em Goiana, por porte ilegal de arma de fogo e tr\u00e1fico de entorpecentes. Policiais militares da 3\u00aa CIPM receberam informa\u00e7\u00f5es sobre uma dupla vinda da Para\u00edba que estaria comercializando drogas e amea\u00e7ando populares na Travessa da Impueira, a mando de um presidi\u00e1rio.<\/span><\/p>\n<p style=\"text-align: justify;\">Ao chegar no local para fazer a checagem, os suspeitos foram identificados e empreenderam fuga pulando pelos quintais das resid\u00eancias. Um deles foi alcan\u00e7ado, portando tr\u00eas muni\u00e7\u00f5es calibre .32 e admitiu a pr\u00e1tica de tr\u00e1fico, levando o efetivo at\u00e9 uma \u00e1rea de vegeta\u00e7\u00e3o, onde escondia um pistol\u00e3o calibre .36, dez muni\u00e7\u00f5es calibre .32, sendo duas pinadas, 211 big bigs de maconha, 52 pedras de crack e sacos pl\u00e1sticos para embalar drogas.<\/p>\n<p style=\"text-align: justify;\">Diante dos fatos, o envolvido e todo o material apreendido foram apresentados na Delegacia de Plant\u00e3o de Nazar\u00e9 da Mata, para ado\u00e7\u00e3o das medidas legais cab\u00edveis. Foto: Divulga\u00e7\u00e3o\/PMPE.<\/p>\n<p style=\"text-align: justify;\">Siga o Instagram do Blog do Edvaldo Magalh\u00e3es e se inscreva no canal do Blog no YouTube.<\/p>\n","protected":false},"excerpt":{"rendered":"<p>Um homem foi preso, quinta-feira (03\/11), em Goiana, por porte ilegal de arma de fogo e tr\u00e1fico de entorpecentes. Policiais&hellip;<\/p>\n","protected":false},"author":1,"featured_media":89624,"comment_status":"closed","ping_status":"open","sticky":false,"template":"","format":"standard","meta":{"footnotes":""},"categories":[14121],"tags":[2,19532,3406,25996],"class_list":["post-89623","post","type-post","status-publish","format-standard","has-post-thumbnail","hentry","category-policial","tag-blog-do-edvaldo-magalhaes","tag-blog-mais-acessado-e-visualizado-de-caruaru-e-regiao","tag-caruaru","tag-paraibano-e-detido-com-arma-e-drogas-em-pernambuco"],"_links":{"self":[{"href":"https:\/\/blogdoedvaldomagalhaes.com.br\/index.php\/wp-json\/wp\/v2\/posts\/89623","targetHints":{"allow":["GET"]}}],"collection":[{"href":"https:\/\/blogdoedvaldomagalhaes.com.br\/index.php\/wp-json\/wp\/v2\/posts"}],"about":[{"href":"https:\/\/blogdoedvaldomagalhaes.com.br\/index.php\/wp-json\/wp\/v2\/types\/post"}],"author":[{"embeddable":true,"href":"https:\/\/blogdoedvaldomagalhaes.com.br\/index.php\/wp-json\/wp\/v2\/users\/1"}],"replies":[{"embeddable":true,"href":"https:\/\/blogdoedvaldomagalhaes.com.br\/index.php\/wp-json\/wp\/v2\/comments?post=89623"}],"version-history":[{"count":1,"href":"https:\/\/blogdoedvaldomagalhaes.com.br\/index.php\/wp-json\/wp\/v2\/posts\/89623\/revisions"}],"predecessor-version":[{"id":89625,"href":"https:\/\/blogdoedvaldomagalhaes.com.br\/index.php\/wp-json\/wp\/v2\/posts\/89623\/revisions\/89625"}],"wp:featuredmedia":[{"embeddable":true,"href":"https:\/\/blogdoedvaldomagalhaes.com.br\/index.php\/wp-json\/wp\/v2\/media\/89624"}],"wp:attachment":[{"href":"https:\/\/blogdoedvaldomagalhaes.com.br\/index.php\/wp-json\/wp\/v2\/media?parent=89623"}],"wp:term":[{"taxonomy":"category","embeddable":true,"href":"https:\/\/blogdoedvaldomagalhaes.com.br\/index.php\/wp-json\/wp\/v2\/categories?post=89623"},{"taxonomy":"post_tag","embeddable":true,"href":"https:\/\/blogdoedvaldomagalhaes.com.br\/index.php\/wp-json\/wp\/v2\/tags?post=89623"}],"curies":[{"name":"wp","href":"https:\/\/api.w.org\/{rel}","templated":true}]}}