{"id":89620,"date":"2022-11-04T08:06:10","date_gmt":"2022-11-04T11:06:10","guid":{"rendered":"https:\/\/blogdoedvaldomagalhaes.com.br\/?p=89620"},"modified":"2022-11-04T08:06:12","modified_gmt":"2022-11-04T11:06:12","slug":"caminhao-colide-na-traseira-de-onibus-e-provoca-congestionamento-de-5-km","status":"publish","type":"post","link":"https:\/\/blogdoedvaldomagalhaes.com.br\/index.php\/2022\/11\/04\/caminhao-colide-na-traseira-de-onibus-e-provoca-congestionamento-de-5-km\/","title":{"rendered":"Caminh\u00e3o colide na traseira de \u00f4nibus e provoca congestionamento de 5 km"},"content":{"rendered":"<p style=\"text-align: justify;\">O sinistro ocorreu por volta das 6h no km 58 da BR 101 no Passarinho, sentido Ceasa.<\/p>\n<p style=\"text-align: justify;\">Foi uma colis\u00e3o traseira de um caminh\u00e3o em um \u00f4nibus.<\/p>\n<p style=\"text-align: justify;\">Ningu\u00e9m ficou ferido.<\/p>\n<p style=\"text-align: justify;\">Os motoristas realizaram o teste do etil\u00f4metro e o resultado foi normal.<\/p>\n<p style=\"text-align: justify;\">Os ve\u00edculos foram retirados da rodovia e est\u00e3o no acostamento. O \u00f4nibus vai seguir viagem e o caminh\u00e3o est\u00e1 aguardando um guincho.<\/p>\n<p style=\"text-align: justify;\">A colis\u00e3o provocou um congestionamento com quase 5 km de extens\u00e3o. Foto: Divulga\u00e7\u00e3o\/PRF.<\/p>\n<p style=\"text-align: justify;\">Siga o Instagram do Blog do Edvaldo Magalh\u00e3es e se inscreva no canal do Blog no YouTube.<\/p>\n","protected":false},"excerpt":{"rendered":"<p>O sinistro ocorreu por volta das 6h no km 58 da BR 101 no Passarinho, sentido Ceasa. Foi uma colis\u00e3o&hellip;<\/p>\n","protected":false},"author":1,"featured_media":89621,"comment_status":"closed","ping_status":"open","sticky":false,"template":"","format":"standard","meta":{"footnotes":""},"categories":[14120],"tags":[14276,2,19532,25995,3406],"class_list":["post-89620","post","type-post","status-publish","format-standard","has-post-thumbnail","hentry","category-noticias","tag-acidente","tag-blog-do-edvaldo-magalhaes","tag-blog-mais-acessado-e-visualizado-de-caruaru-e-regiao","tag-caminhao-colide-na-traseira-de-onibus-e-provoca-congestionamento-de-5-km","tag-caruaru"],"_links":{"self":[{"href":"https:\/\/blogdoedvaldomagalhaes.com.br\/index.php\/wp-json\/wp\/v2\/posts\/89620","targetHints":{"allow":["GET"]}}],"collection":[{"href":"https:\/\/blogdoedvaldomagalhaes.com.br\/index.php\/wp-json\/wp\/v2\/posts"}],"about":[{"href":"https:\/\/blogdoedvaldomagalhaes.com.br\/index.php\/wp-json\/wp\/v2\/types\/post"}],"author":[{"embeddable":true,"href":"https:\/\/blogdoedvaldomagalhaes.com.br\/index.php\/wp-json\/wp\/v2\/users\/1"}],"replies":[{"embeddable":true,"href":"https:\/\/blogdoedvaldomagalhaes.com.br\/index.php\/wp-json\/wp\/v2\/comments?post=89620"}],"version-history":[{"count":1,"href":"https:\/\/blogdoedvaldomagalhaes.com.br\/index.php\/wp-json\/wp\/v2\/posts\/89620\/revisions"}],"predecessor-version":[{"id":89622,"href":"https:\/\/blogdoedvaldomagalhaes.com.br\/index.php\/wp-json\/wp\/v2\/posts\/89620\/revisions\/89622"}],"wp:featuredmedia":[{"embeddable":true,"href":"https:\/\/blogdoedvaldomagalhaes.com.br\/index.php\/wp-json\/wp\/v2\/media\/89621"}],"wp:attachment":[{"href":"https:\/\/blogdoedvaldomagalhaes.com.br\/index.php\/wp-json\/wp\/v2\/media?parent=89620"}],"wp:term":[{"taxonomy":"category","embeddable":true,"href":"https:\/\/blogdoedvaldomagalhaes.com.br\/index.php\/wp-json\/wp\/v2\/categories?post=89620"},{"taxonomy":"post_tag","embeddable":true,"href":"https:\/\/blogdoedvaldomagalhaes.com.br\/index.php\/wp-json\/wp\/v2\/tags?post=89620"}],"curies":[{"name":"wp","href":"https:\/\/api.w.org\/{rel}","templated":true}]}}