{"id":89613,"date":"2022-11-03T21:48:47","date_gmt":"2022-11-04T00:48:47","guid":{"rendered":"https:\/\/blogdoedvaldomagalhaes.com.br\/?p=89613"},"modified":"2022-11-03T21:51:38","modified_gmt":"2022-11-04T00:51:38","slug":"vereador-irmao-ronaldo-solicita-programa-seguranca-infantil-na-rede-publica-de-caruaru","status":"publish","type":"post","link":"https:\/\/blogdoedvaldomagalhaes.com.br\/index.php\/2022\/11\/03\/vereador-irmao-ronaldo-solicita-programa-seguranca-infantil-na-rede-publica-de-caruaru\/","title":{"rendered":"Vereador Irm\u00e3o Ronaldo solicita Programa Seguran\u00e7a Infantil na rede p\u00fablica de Caruaru"},"content":{"rendered":"<p style=\"text-align: justify;\"><b>REQUERIMENTOS SOLICITADOS DE AUTORIA DO VEREADOR IRM\u00c3O RONALDO&nbsp;<\/b><\/p>\n<p style=\"text-align: justify;\"><a href=\"https:\/\/sapl.caruaru.pe.leg.br\/materia\/27786\"><span style=\"font-weight: 400;\">REQUERIMENTO n\u00ba 2860 de 2022<\/span><\/a> <span style=\"font-weight: 400;\">Reiterando requerimento 2616\/2021 Para que Viabilize que a Patrulha Rural da Guarda Municipal circule regularmente pelo IV Distrito desta urbe, com aten\u00e7\u00e3o na Estrada de Serrote dos Bois, Nina Liberato e Lagoa de pedra.<\/span><\/p>\n<p style=\"text-align: justify;\"><a href=\"https:\/\/sapl.caruaru.pe.leg.br\/materia\/27790\"><span style=\"font-weight: 400;\">REQUERIMENTO n\u00ba 2864 de 2022<\/span><\/a> <span style=\"font-weight: 400;\">Reiterando requerimento 2617\/2021 Para que Viabilize a Pavimenta\u00e7\u00e3o com cal\u00e7amento da Estrada que liga o Bairro Kennedy aos Bairros Nina Liberato e Lagoa de Pedra desta urbe.<\/span><\/p>\n<p style=\"text-align: justify;\"><a href=\"https:\/\/sapl.caruaru.pe.leg.br\/materia\/27820\"><span style=\"font-weight: 400;\">REQUERIMENTO n\u00ba 2891 de 2022<\/span><\/a> <span style=\"font-weight: 400;\">Reiterando requerimento 2679\/2021 para que seja institu\u00eddo Anteprojeto: Projeto lei que Disp\u00f5e sobre o \u201cPortal da Transpar\u00eancia da Qualidade do Ensino das Escolas P\u00fablicas da Rede Municipal de Caruaru\u201d e d\u00e1 outras provid\u00eancias. Apresento aqui um anteprojeto como modelo para que seja implantado em nosso munic\u00edpio.<\/span><\/p>\n<p style=\"text-align: justify;\"><a href=\"https:\/\/sapl.caruaru.pe.leg.br\/materia\/27821\"><span style=\"font-weight: 400;\">REQUERIMENTO n\u00ba 2892 de 2022<\/span><\/a> <span style=\"font-weight: 400;\">Reiterando requerimento 2678\/2021 para que seja institu\u00eddo no munic\u00edpio de Caruaru o Projeto lei que disp\u00f5e sobre o Programa Seguran\u00e7a Infantil na rede p\u00fablica de ensino do munic\u00edpio de Caruaru. Apresento aqui um anteprojeto como modelo para que seja implantado em nosso munic\u00edpio.<\/span><\/p>\n<p style=\"text-align: justify;\"><a href=\"https:\/\/sapl.caruaru.pe.leg.br\/materia\/27822\"><span style=\"font-weight: 400;\">REQUERIMENTO n\u00ba 2893 de 2022<\/span><\/a> <span style=\"font-weight: 400;\">Para que procedam com obras de Opera\u00e7\u00e3o Tapa Buracos na Rua Jos\u00e9 Ramos de Oliveira, localizada no Bairro Jardim Boa Vista nesta urbe.<\/span><\/p>\n<p style=\"text-align: justify;\"><b>PROJETOS DE LEI EM TRAMITA\u00c7\u00c3O DE AUTORIA DO VEREADOR IRM\u00c3O RONALDO&nbsp;<\/b><\/p>\n<p style=\"text-align: justify;\"><a href=\"https:\/\/sapl.caruaru.pe.leg.br\/materia\/19911\"><b>PL 8997\/2021 &#8211; PROJETO DE LEI<\/b><\/a><span style=\"font-weight: 400;\">&nbsp;<\/span><\/p>\n<p style=\"text-align: justify;\"><span style=\"font-weight: 400;\">Assegura aos usu\u00e1rios do transporte coletivo municipal com defici\u00eancia ou mobilidade reduzida o direito de desembarque entre as paradas obrigat\u00f3rias do transporte p\u00fablico de passageiros de Caruaru.<\/span><\/p>\n<p style=\"text-align: justify;\"><a href=\"https:\/\/sapl.caruaru.pe.leg.br\/materia\/20566\"><b>PL 9054\/2021 &#8211; PROJETO DE LEI<\/b><\/a><\/p>\n<p style=\"text-align: justify;\"><span style=\"font-weight: 400;\">Institui no Calend\u00e1rio Oficial de Eventos do Munic\u00edpio de Caruaru a \u201cSemana Municipal de Incentivo \u00e0 Doa\u00e7\u00e3o de Cabelos para Pessoas em Tratamento de C\u00e2ncer\u201d.<\/span><\/p>\n<p style=\"text-align: justify;\"><a href=\"https:\/\/sapl.caruaru.pe.leg.br\/materia\/20569\"><b>PL 9057\/2021 &#8211; PROJETO DE LEI<\/b><\/a><span style=\"font-weight: 400;\">&nbsp;<\/span><\/p>\n<p style=\"text-align: justify;\"><span style=\"font-weight: 400;\">Torna obrigat\u00f3ria a divulga\u00e7\u00e3o das listas de usu\u00e1rios que aguardam exames especializados e cirurgias eletivas em estabelecimentos da Rede Municipal de Sa\u00fade de Caruaru.<\/span><\/p>\n<p style=\"text-align: justify;\"><a href=\"https:\/\/sapl.caruaru.pe.leg.br\/materia\/20570\"><b>PL 9058\/2021 &#8211; PROJETO DE LEI<\/b><\/a><span style=\"font-weight: 400;\">&nbsp;<\/span><\/p>\n<p style=\"text-align: justify;\"><span style=\"font-weight: 400;\">Institui a Pol\u00edtica de Transpar\u00eancia nas Obras P\u00fablicas Municipais de Caruaru.<\/span><\/p>\n<p style=\"text-align: justify;\"><a href=\"https:\/\/sapl.caruaru.pe.leg.br\/materia\/20625\"><b>PL 9061\/2021 &#8211; PROJETO DE LEI<\/b><\/a><span style=\"font-weight: 400;\">&nbsp;<\/span><\/p>\n<p style=\"text-align: justify;\"><span style=\"font-weight: 400;\">INSTITUI O \u201cPROGRAMA ARTISTA DA CASA\u201d, QUE ESTABELECE A OBRIGATORIEDADE DE QUE A ABERTURA DE EVENTOS MUSICAIS QUE CONTEM FINANCIAMENTO P\u00daBLICO MUNICIPAL SEJA REALIZADA POR BANDAS, CANTORES OU INSTRUMENTISTAS LOCAIS, E D\u00c1 OUTRAS PROVID\u00caNCIAS\u201d.<\/span><\/p>\n","protected":false},"excerpt":{"rendered":"<p>REQUERIMENTOS SOLICITADOS DE AUTORIA DO VEREADOR IRM\u00c3O RONALDO&nbsp; REQUERIMENTO n\u00ba 2860 de 2022 Reiterando requerimento 2616\/2021 Para que Viabilize que&hellip;<\/p>\n","protected":false},"author":1,"featured_media":89615,"comment_status":"closed","ping_status":"open","sticky":false,"template":"","format":"standard","meta":{"footnotes":""},"categories":[14122],"tags":[2,19532,3406,20,25994],"class_list":["post-89613","post","type-post","status-publish","format-standard","has-post-thumbnail","hentry","category-politica","tag-blog-do-edvaldo-magalhaes","tag-blog-mais-acessado-e-visualizado-de-caruaru-e-regiao","tag-caruaru","tag-politica","tag-vereador-irmao-ronaldo-solicita-programa-seguranca-infantil-na-rede-publica-de-caruaru"],"_links":{"self":[{"href":"https:\/\/blogdoedvaldomagalhaes.com.br\/index.php\/wp-json\/wp\/v2\/posts\/89613","targetHints":{"allow":["GET"]}}],"collection":[{"href":"https:\/\/blogdoedvaldomagalhaes.com.br\/index.php\/wp-json\/wp\/v2\/posts"}],"about":[{"href":"https:\/\/blogdoedvaldomagalhaes.com.br\/index.php\/wp-json\/wp\/v2\/types\/post"}],"author":[{"embeddable":true,"href":"https:\/\/blogdoedvaldomagalhaes.com.br\/index.php\/wp-json\/wp\/v2\/users\/1"}],"replies":[{"embeddable":true,"href":"https:\/\/blogdoedvaldomagalhaes.com.br\/index.php\/wp-json\/wp\/v2\/comments?post=89613"}],"version-history":[{"count":2,"href":"https:\/\/blogdoedvaldomagalhaes.com.br\/index.php\/wp-json\/wp\/v2\/posts\/89613\/revisions"}],"predecessor-version":[{"id":89617,"href":"https:\/\/blogdoedvaldomagalhaes.com.br\/index.php\/wp-json\/wp\/v2\/posts\/89613\/revisions\/89617"}],"wp:featuredmedia":[{"embeddable":true,"href":"https:\/\/blogdoedvaldomagalhaes.com.br\/index.php\/wp-json\/wp\/v2\/media\/89615"}],"wp:attachment":[{"href":"https:\/\/blogdoedvaldomagalhaes.com.br\/index.php\/wp-json\/wp\/v2\/media?parent=89613"}],"wp:term":[{"taxonomy":"category","embeddable":true,"href":"https:\/\/blogdoedvaldomagalhaes.com.br\/index.php\/wp-json\/wp\/v2\/categories?post=89613"},{"taxonomy":"post_tag","embeddable":true,"href":"https:\/\/blogdoedvaldomagalhaes.com.br\/index.php\/wp-json\/wp\/v2\/tags?post=89613"}],"curies":[{"name":"wp","href":"https:\/\/api.w.org\/{rel}","templated":true}]}}