{"id":89610,"date":"2022-11-03T21:09:06","date_gmt":"2022-11-04T00:09:06","guid":{"rendered":"https:\/\/blogdoedvaldomagalhaes.com.br\/?p=89610"},"modified":"2022-11-03T21:09:08","modified_gmt":"2022-11-04T00:09:08","slug":"vereador-cabo-cardoso-independente-do-resultado-das-eleicoes-federais-mantem-sua-posicao-conservadora","status":"publish","type":"post","link":"https:\/\/blogdoedvaldomagalhaes.com.br\/index.php\/2022\/11\/03\/vereador-cabo-cardoso-independente-do-resultado-das-eleicoes-federais-mantem-sua-posicao-conservadora\/","title":{"rendered":"Vereador Cabo Cardoso independente do resultado das elei\u00e7\u00f5es federais, mant\u00e9m sua posi\u00e7\u00e3o conservadora"},"content":{"rendered":"<p style=\"text-align: justify;\">O vereador Cabo Cardoso afirmou durante sess\u00e3o plen\u00e1ria da C\u00e2mara Municipal de Caruaru, nesta quinta-feira (03), que &#8220;independente do resultado das elei\u00e7\u00f5es federais, o seu posicionamento sempre ser\u00e1 contra o aborto, contra a libera\u00e7\u00e3o das drogas, contra ideologia de g\u00eanero, contra a aplica\u00e7\u00e3o da linguagem neutra e sempre ser\u00e1 a favor das pautas conservadoras em defesa da fam\u00edlia e dos valores sociais&#8221;. Foto: Vladimir Barreto.<\/p>\n<p style=\"text-align: justify;\">Siga o Instagram do Blog do Edvaldo Magalh\u00e3es e se inscreva no canal do Blog no YouTube.<\/p>\n","protected":false},"excerpt":{"rendered":"<p>O vereador Cabo Cardoso afirmou durante sess\u00e3o plen\u00e1ria da C\u00e2mara Municipal de Caruaru, nesta quinta-feira (03), que &#8220;independente do resultado&hellip;<\/p>\n","protected":false},"author":1,"featured_media":89611,"comment_status":"closed","ping_status":"open","sticky":false,"template":"","format":"standard","meta":{"footnotes":""},"categories":[14122],"tags":[2,19532,3406,25993],"class_list":["post-89610","post","type-post","status-publish","format-standard","has-post-thumbnail","hentry","category-politica","tag-blog-do-edvaldo-magalhaes","tag-blog-mais-acessado-e-visualizado-de-caruaru-e-regiao","tag-caruaru","tag-vereador-cabo-cardoso-independente-do-resultado-das-eleicoes-federais-mantem-sua-posicao-conservadora"],"_links":{"self":[{"href":"https:\/\/blogdoedvaldomagalhaes.com.br\/index.php\/wp-json\/wp\/v2\/posts\/89610","targetHints":{"allow":["GET"]}}],"collection":[{"href":"https:\/\/blogdoedvaldomagalhaes.com.br\/index.php\/wp-json\/wp\/v2\/posts"}],"about":[{"href":"https:\/\/blogdoedvaldomagalhaes.com.br\/index.php\/wp-json\/wp\/v2\/types\/post"}],"author":[{"embeddable":true,"href":"https:\/\/blogdoedvaldomagalhaes.com.br\/index.php\/wp-json\/wp\/v2\/users\/1"}],"replies":[{"embeddable":true,"href":"https:\/\/blogdoedvaldomagalhaes.com.br\/index.php\/wp-json\/wp\/v2\/comments?post=89610"}],"version-history":[{"count":1,"href":"https:\/\/blogdoedvaldomagalhaes.com.br\/index.php\/wp-json\/wp\/v2\/posts\/89610\/revisions"}],"predecessor-version":[{"id":89612,"href":"https:\/\/blogdoedvaldomagalhaes.com.br\/index.php\/wp-json\/wp\/v2\/posts\/89610\/revisions\/89612"}],"wp:featuredmedia":[{"embeddable":true,"href":"https:\/\/blogdoedvaldomagalhaes.com.br\/index.php\/wp-json\/wp\/v2\/media\/89611"}],"wp:attachment":[{"href":"https:\/\/blogdoedvaldomagalhaes.com.br\/index.php\/wp-json\/wp\/v2\/media?parent=89610"}],"wp:term":[{"taxonomy":"category","embeddable":true,"href":"https:\/\/blogdoedvaldomagalhaes.com.br\/index.php\/wp-json\/wp\/v2\/categories?post=89610"},{"taxonomy":"post_tag","embeddable":true,"href":"https:\/\/blogdoedvaldomagalhaes.com.br\/index.php\/wp-json\/wp\/v2\/tags?post=89610"}],"curies":[{"name":"wp","href":"https:\/\/api.w.org\/{rel}","templated":true}]}}