{"id":89606,"date":"2022-11-03T17:23:33","date_gmt":"2022-11-03T20:23:33","guid":{"rendered":"https:\/\/blogdoedvaldomagalhaes.com.br\/?p=89606"},"modified":"2022-11-03T17:23:34","modified_gmt":"2022-11-03T20:23:34","slug":"anderson-correia-preside-audiencia-publica-sobre-a-loa-e-ppa-e-destaca-transparencia-para-os-caruaruenses","status":"publish","type":"post","link":"https:\/\/blogdoedvaldomagalhaes.com.br\/index.php\/2022\/11\/03\/anderson-correia-preside-audiencia-publica-sobre-a-loa-e-ppa-e-destaca-transparencia-para-os-caruaruenses\/","title":{"rendered":"Anderson Correia preside audi\u00eancia p\u00fablica sobre a LOA e PPA e destaca transpar\u00eancia para os caruaruenses"},"content":{"rendered":"<p style=\"text-align: justify;\"><span style=\"color: initial; font-size: revert;\">O vereador Anderson Correia, Presidente da Comiss\u00e3o de Finan\u00e7as e Or\u00e7amento, presidiu a Audi\u00eancia P\u00fablica para dar transpar\u00eancia necess\u00e1ria acerca da Lei Or\u00e7ament\u00e1ria Anual (LOA) para o ano de 2023 e revis\u00e3o do Plano Plurianual 2022\/2025, prevista na Lei de Responsabilidade Fiscal, realizada na manh\u00e3 desta quinta-feira (03), na C\u00e2mara Municipal de Caruaru.<\/span><\/p>\n<p style=\"text-align: justify;\">A audi\u00eancia contou com a presen\u00e7a de autoridades e representantes de diversos \u00f3rg\u00e3os como da Controladoria Geral do Munic\u00edpio, com a procuradora Andr\u00e9a Ribeiro; da Procuradoria do Munic\u00edpio, com o procurador Dimitre Bezerra; e do Centro de Estudos Pesquisa e Assessoria em Administra\u00e7\u00e3o Municipal Ltda. (CESPAM), com o diretor Dr. Bernardo Barbosa, al\u00e9m de vereadores. Autor da propositura que convocou o debate, o vereador Anderson Correia destacou a import\u00e2ncia deste momento para levar transpar\u00eancia \u00e0 popula\u00e7\u00e3o.<\/p>\n<p style=\"text-align: justify;\">\u201cFazer uma audi\u00eancia p\u00fablica assim \u00e9 muito importante para o conhecimento de todo cidad\u00e3o caruaruense, pois falamos de planejamento ao debatermos o PPA e a LOA. S\u00e3o temas importantes e essenciais, que definem um futuro melhor para nossa popula\u00e7\u00e3o, na aplica\u00e7\u00e3o de pol\u00edticas p\u00fablicas em todos os \u00e2mbitos, para tornar nossa cidade cada vez melhor, com diretrizes or\u00e7ament\u00e1rias definidas para uma boa gest\u00e3o. Parab\u00e9ns a todos os envolvidos, que ajudaram a dar transpar\u00eancia \u00e0s finan\u00e7as da nossa Caruaru\u201d, ressaltou Anderson. Foto: Vladimir Barreto.<\/p>\n<p style=\"text-align: justify;\">Siga o Instagram do Blog do Edvaldo Magalh\u00e3es e se inscreva no canal do Blog no YouTube.<\/p>\n","protected":false},"excerpt":{"rendered":"<p>O vereador Anderson Correia, Presidente da Comiss\u00e3o de Finan\u00e7as e Or\u00e7amento, presidiu a Audi\u00eancia P\u00fablica para dar transpar\u00eancia necess\u00e1ria acerca&hellip;<\/p>\n","protected":false},"author":1,"featured_media":89608,"comment_status":"closed","ping_status":"open","sticky":false,"template":"","format":"standard","meta":{"footnotes":""},"categories":[14122],"tags":[25992,2,19532,3406,5039,20],"class_list":["post-89606","post","type-post","status-publish","format-standard","has-post-thumbnail","hentry","category-politica","tag-anderson-correia-preside-audiencia-publica-sobre-a-loa-e-ppa-e-destaca-transparencia-para-os-caruaruenses","tag-blog-do-edvaldo-magalhaes","tag-blog-mais-acessado-e-visualizado-de-caruaru-e-regiao","tag-caruaru","tag-loa","tag-politica"],"_links":{"self":[{"href":"https:\/\/blogdoedvaldomagalhaes.com.br\/index.php\/wp-json\/wp\/v2\/posts\/89606","targetHints":{"allow":["GET"]}}],"collection":[{"href":"https:\/\/blogdoedvaldomagalhaes.com.br\/index.php\/wp-json\/wp\/v2\/posts"}],"about":[{"href":"https:\/\/blogdoedvaldomagalhaes.com.br\/index.php\/wp-json\/wp\/v2\/types\/post"}],"author":[{"embeddable":true,"href":"https:\/\/blogdoedvaldomagalhaes.com.br\/index.php\/wp-json\/wp\/v2\/users\/1"}],"replies":[{"embeddable":true,"href":"https:\/\/blogdoedvaldomagalhaes.com.br\/index.php\/wp-json\/wp\/v2\/comments?post=89606"}],"version-history":[{"count":1,"href":"https:\/\/blogdoedvaldomagalhaes.com.br\/index.php\/wp-json\/wp\/v2\/posts\/89606\/revisions"}],"predecessor-version":[{"id":89609,"href":"https:\/\/blogdoedvaldomagalhaes.com.br\/index.php\/wp-json\/wp\/v2\/posts\/89606\/revisions\/89609"}],"wp:featuredmedia":[{"embeddable":true,"href":"https:\/\/blogdoedvaldomagalhaes.com.br\/index.php\/wp-json\/wp\/v2\/media\/89608"}],"wp:attachment":[{"href":"https:\/\/blogdoedvaldomagalhaes.com.br\/index.php\/wp-json\/wp\/v2\/media?parent=89606"}],"wp:term":[{"taxonomy":"category","embeddable":true,"href":"https:\/\/blogdoedvaldomagalhaes.com.br\/index.php\/wp-json\/wp\/v2\/categories?post=89606"},{"taxonomy":"post_tag","embeddable":true,"href":"https:\/\/blogdoedvaldomagalhaes.com.br\/index.php\/wp-json\/wp\/v2\/tags?post=89606"}],"curies":[{"name":"wp","href":"https:\/\/api.w.org\/{rel}","templated":true}]}}