{"id":89601,"date":"2022-11-03T09:48:40","date_gmt":"2022-11-03T12:48:40","guid":{"rendered":"https:\/\/blogdoedvaldomagalhaes.com.br\/?p=89601"},"modified":"2022-11-03T09:48:41","modified_gmt":"2022-11-03T12:48:41","slug":"instituto-quatro-patas-apresenta-a-primeira-unidade-movel-de-atendimento-veterinario-de-caruaru-e-realiza-evento-de-adocao","status":"publish","type":"post","link":"https:\/\/blogdoedvaldomagalhaes.com.br\/index.php\/2022\/11\/03\/instituto-quatro-patas-apresenta-a-primeira-unidade-movel-de-atendimento-veterinario-de-caruaru-e-realiza-evento-de-adocao\/","title":{"rendered":"Instituto Quatro Patas apresenta a primeira unidade m\u00f3vel de atendimento veterin\u00e1rio de Caruaru e realiza evento de ado\u00e7\u00e3o"},"content":{"rendered":"<p style=\"text-align: justify;\"><span style=\"font-size: revert; color: initial;\">Nesta sexta-feira (04), o Instituto Quatro Patas apresentar\u00e1 \u00e0 popula\u00e7\u00e3o a sua unidade m\u00f3vel de atendimento, a primeira de Caruaru. Na oportunidade, tamb\u00e9m haver\u00e1 evento de ado\u00e7\u00e3o. A a\u00e7\u00e3o acontecer\u00e1 no Marco Zero, Centro da cidade, a partir das 9h.<\/span><\/p>\n<p style=\"text-align: justify;\">A unidade m\u00f3vel oferecer\u00e1 atendimento veterin\u00e1rio gratuito em diversos bairros de Caruaru e regi\u00e3o. Esta \u00e9 uma conquista do vereador Fagner Fernandes, que \u00e9 fundador do Instituto Quatro Patas, e lutou muito em busca deste equipamento, que beneficiar\u00e1 milhares de tutores de animais carentes e, tamb\u00e9m, de rua. Atrav\u00e9s do pedido de Fagner, os deputados Z\u00e9 Queiroz e Jo\u00e3o Paulo destinaram emendas para a aquisi\u00e7\u00e3o, sendo 89 mil e 60 mil reais, respectivamente, totalizando um investimento de 149 mil reais.<br \/>Para quem quer adotar um amigo de quatro patas, \u00e9 s\u00f3 ir at\u00e9 o local do evento e levar documento de identifica\u00e7\u00e3o, comprovante de resid\u00eancia e precisa ter mais de 18 anos. Estar\u00e3o dispon\u00edveis c\u00e3es e gatos, adultos e filhotes. \u00c9 uma excelente oportunidade de mudar a vida de um bichinho e a sua tamb\u00e9m!<\/p>\n<p style=\"text-align: justify;\">Siga o Instagram do Blog do Edvaldo Magalh\u00e3es e se inscreva no canal do Blog no YouTube.<\/p>\n\n\n<figure class=\"wp-block-image size-large\"><img loading=\"lazy\" decoding=\"async\" width=\"1024\" height=\"682\" src=\"https:\/\/blogdoedvaldomagalhaes.com.br\/wp-content\/uploads\/2022\/11\/IMG-20221103-WA0028-1024x682.jpg\" alt=\"\" class=\"wp-image-89603\" srcset=\"https:\/\/blogdoedvaldomagalhaes.com.br\/wp-content\/uploads\/2022\/11\/IMG-20221103-WA0028-1024x682.jpg 1024w, https:\/\/blogdoedvaldomagalhaes.com.br\/wp-content\/uploads\/2022\/11\/IMG-20221103-WA0028-300x200.jpg 300w, https:\/\/blogdoedvaldomagalhaes.com.br\/wp-content\/uploads\/2022\/11\/IMG-20221103-WA0028-768x512.jpg 768w, https:\/\/blogdoedvaldomagalhaes.com.br\/wp-content\/uploads\/2022\/11\/IMG-20221103-WA0028.jpg 1280w\" sizes=\"auto, (max-width: 1024px) 100vw, 1024px\" \/><figcaption>Fotos: Divulga\u00e7\u00e3o<\/figcaption><\/figure>\n","protected":false},"excerpt":{"rendered":"<p>Nesta sexta-feira (04), o Instituto Quatro Patas apresentar\u00e1 \u00e0 popula\u00e7\u00e3o a sua unidade m\u00f3vel de atendimento, a primeira de Caruaru.&hellip;<\/p>\n","protected":false},"author":1,"featured_media":89602,"comment_status":"closed","ping_status":"open","sticky":false,"template":"","format":"standard","meta":{"footnotes":""},"categories":[14120],"tags":[2,19532,3406,25991],"class_list":["post-89601","post","type-post","status-publish","format-standard","has-post-thumbnail","hentry","category-noticias","tag-blog-do-edvaldo-magalhaes","tag-blog-mais-acessado-e-visualizado-de-caruaru-e-regiao","tag-caruaru","tag-instituto-quatro-patas-apresenta-a-primeira-unidade-movel-de-atendimento-veterinario-de-caruaru-e-realiza-evento-de-adocao"],"_links":{"self":[{"href":"https:\/\/blogdoedvaldomagalhaes.com.br\/index.php\/wp-json\/wp\/v2\/posts\/89601","targetHints":{"allow":["GET"]}}],"collection":[{"href":"https:\/\/blogdoedvaldomagalhaes.com.br\/index.php\/wp-json\/wp\/v2\/posts"}],"about":[{"href":"https:\/\/blogdoedvaldomagalhaes.com.br\/index.php\/wp-json\/wp\/v2\/types\/post"}],"author":[{"embeddable":true,"href":"https:\/\/blogdoedvaldomagalhaes.com.br\/index.php\/wp-json\/wp\/v2\/users\/1"}],"replies":[{"embeddable":true,"href":"https:\/\/blogdoedvaldomagalhaes.com.br\/index.php\/wp-json\/wp\/v2\/comments?post=89601"}],"version-history":[{"count":1,"href":"https:\/\/blogdoedvaldomagalhaes.com.br\/index.php\/wp-json\/wp\/v2\/posts\/89601\/revisions"}],"predecessor-version":[{"id":89604,"href":"https:\/\/blogdoedvaldomagalhaes.com.br\/index.php\/wp-json\/wp\/v2\/posts\/89601\/revisions\/89604"}],"wp:featuredmedia":[{"embeddable":true,"href":"https:\/\/blogdoedvaldomagalhaes.com.br\/index.php\/wp-json\/wp\/v2\/media\/89602"}],"wp:attachment":[{"href":"https:\/\/blogdoedvaldomagalhaes.com.br\/index.php\/wp-json\/wp\/v2\/media?parent=89601"}],"wp:term":[{"taxonomy":"category","embeddable":true,"href":"https:\/\/blogdoedvaldomagalhaes.com.br\/index.php\/wp-json\/wp\/v2\/categories?post=89601"},{"taxonomy":"post_tag","embeddable":true,"href":"https:\/\/blogdoedvaldomagalhaes.com.br\/index.php\/wp-json\/wp\/v2\/tags?post=89601"}],"curies":[{"name":"wp","href":"https:\/\/api.w.org\/{rel}","templated":true}]}}