{"id":89598,"date":"2022-11-03T09:32:36","date_gmt":"2022-11-03T12:32:36","guid":{"rendered":"https:\/\/blogdoedvaldomagalhaes.com.br\/?p=89598"},"modified":"2022-11-03T09:32:37","modified_gmt":"2022-11-03T12:32:37","slug":"deputado-wolney-queiroz-confirmado-na-equipe-de-transicao","status":"publish","type":"post","link":"https:\/\/blogdoedvaldomagalhaes.com.br\/index.php\/2022\/11\/03\/deputado-wolney-queiroz-confirmado-na-equipe-de-transicao\/","title":{"rendered":"Deputado Wolney Queiroz confirmado na equipe de transi\u00e7\u00e3o"},"content":{"rendered":"<p style=\"text-align: justify;\"><span style=\"font-size: revert; color: initial;\">O deputado federal e l\u00edder da oposi\u00e7\u00e3o na C\u00e2mara, Wolney Queiroz, foi indicado pelo presidente do PDT, Carlos Lupi, para compor a equipe de transi\u00e7\u00e3o entre os governos Bolsonaro e Lula, que ser\u00e1 coordenada pelo vice eleito, Geraldo Alckmin (PSB).<\/span><\/p>\n<p style=\"text-align: justify;\">A indica\u00e7\u00e3o ocorreu ap\u00f3s a presidente nacional do PT, Gleisi Hofmann, pedir aos partidos aliados nomes para integrar a equipe de transi\u00e7\u00e3o. Os indicados das legendas dever\u00e3o formar a coordena\u00e7\u00e3o da transi\u00e7\u00e3o por temas.<\/p>\n<p style=\"text-align: justify;\">Na \u00faltima ter\u00e7a-feira (1\u00ba), Wolney j\u00e1 havia recebido um telefonema do deputado Ricardo Barros, l\u00edder do governo Bolsonaro, organizando reuni\u00e3o com os partidos de oposi\u00e7\u00e3o para in\u00edcio da transi\u00e7\u00e3o no \u00e2mbito Legislativo. \u201cVamos tratar de mat\u00e9rias que impactem o Or\u00e7amento de 2023 a 2026, consolidando o processo democr\u00e1tico e o di\u00e1logo para fazermos as mudan\u00e7as que o povo brasileiro precisa\u201d, afirmou Wolney. Foto: Divulga\u00e7\u00e3o.<\/p>\n<p style=\"text-align: justify;\">Siga o Instagram do Blog do Edvaldo e se inscreva no canal do Blog no YouTube.<\/p>\n","protected":false},"excerpt":{"rendered":"<p>O deputado federal e l\u00edder da oposi\u00e7\u00e3o na C\u00e2mara, Wolney Queiroz, foi indicado pelo presidente do PDT, Carlos Lupi, para&hellip;<\/p>\n","protected":false},"author":1,"featured_media":89599,"comment_status":"closed","ping_status":"open","sticky":false,"template":"","format":"standard","meta":{"footnotes":""},"categories":[14122],"tags":[2,19532,3406,25990,19613,20],"class_list":["post-89598","post","type-post","status-publish","format-standard","has-post-thumbnail","hentry","category-politica","tag-blog-do-edvaldo-magalhaes","tag-blog-mais-acessado-e-visualizado-de-caruaru-e-regiao","tag-caruaru","tag-deputado-wolney-queiroz-confirmado-na-equipe-de-transicao","tag-eleicoes","tag-politica"],"_links":{"self":[{"href":"https:\/\/blogdoedvaldomagalhaes.com.br\/index.php\/wp-json\/wp\/v2\/posts\/89598","targetHints":{"allow":["GET"]}}],"collection":[{"href":"https:\/\/blogdoedvaldomagalhaes.com.br\/index.php\/wp-json\/wp\/v2\/posts"}],"about":[{"href":"https:\/\/blogdoedvaldomagalhaes.com.br\/index.php\/wp-json\/wp\/v2\/types\/post"}],"author":[{"embeddable":true,"href":"https:\/\/blogdoedvaldomagalhaes.com.br\/index.php\/wp-json\/wp\/v2\/users\/1"}],"replies":[{"embeddable":true,"href":"https:\/\/blogdoedvaldomagalhaes.com.br\/index.php\/wp-json\/wp\/v2\/comments?post=89598"}],"version-history":[{"count":1,"href":"https:\/\/blogdoedvaldomagalhaes.com.br\/index.php\/wp-json\/wp\/v2\/posts\/89598\/revisions"}],"predecessor-version":[{"id":89600,"href":"https:\/\/blogdoedvaldomagalhaes.com.br\/index.php\/wp-json\/wp\/v2\/posts\/89598\/revisions\/89600"}],"wp:featuredmedia":[{"embeddable":true,"href":"https:\/\/blogdoedvaldomagalhaes.com.br\/index.php\/wp-json\/wp\/v2\/media\/89599"}],"wp:attachment":[{"href":"https:\/\/blogdoedvaldomagalhaes.com.br\/index.php\/wp-json\/wp\/v2\/media?parent=89598"}],"wp:term":[{"taxonomy":"category","embeddable":true,"href":"https:\/\/blogdoedvaldomagalhaes.com.br\/index.php\/wp-json\/wp\/v2\/categories?post=89598"},{"taxonomy":"post_tag","embeddable":true,"href":"https:\/\/blogdoedvaldomagalhaes.com.br\/index.php\/wp-json\/wp\/v2\/tags?post=89598"}],"curies":[{"name":"wp","href":"https:\/\/api.w.org\/{rel}","templated":true}]}}