{"id":89595,"date":"2022-11-03T09:24:22","date_gmt":"2022-11-03T12:24:22","guid":{"rendered":"https:\/\/blogdoedvaldomagalhaes.com.br\/?p=89595"},"modified":"2022-11-03T09:24:23","modified_gmt":"2022-11-03T12:24:23","slug":"caruaru-sedia-a-copa-do-mundo-de-futebol-infantil-a-partir-desta-sexta-feira-4","status":"publish","type":"post","link":"https:\/\/blogdoedvaldomagalhaes.com.br\/index.php\/2022\/11\/03\/caruaru-sedia-a-copa-do-mundo-de-futebol-infantil-a-partir-desta-sexta-feira-4\/","title":{"rendered":"Caruaru sedia a copa do mundo de futebol infantil a partir desta sexta-feira (4)"},"content":{"rendered":"<p style=\"text-align: justify;\"><span style=\"font-size: revert; color: initial;\">Caruaru vai sediar neste fim de semana a copa do mundo de futebol infantil: a 4\u00aa edi\u00e7\u00e3o da Caruaru Cup inicia nesta sexta-feira (4), \u00e0s 9h, e deve reunir 700 atletas, dos 6 aos 15 anos, representando mais de 40 equipes de todo o estado, sendo considerada o maior evento de futebol infantil do interior do Nordeste.<\/span><\/p>\n<p style=\"text-align: justify;\">A competi\u00e7\u00e3o segue at\u00e9 o domingo (6), no CT Ninho do Gavi\u00e3o, com entrada gratuita. Ser\u00e3o realizados 6 jogos ao mesmo tempo, totalizando cerca de 100 partidas disputadas, com mais de 3.000 minutos de bola rolando. Os jogos ocorrem sexta e s\u00e1bado, das 9h \u00e0s 17h, e no domingo, das 9h \u00e0s 14h, com as disputas das finais. Tamb\u00e9m haver\u00e1 disputa no futebol feminino adulto.<\/p>\n<p style=\"text-align: justify;\">Al\u00e9m da emo\u00e7\u00e3o dos jogos, o p\u00fablico ter\u00e1 uma grande estrutura, com pra\u00e7a de alimenta\u00e7\u00e3o, \u00e1rea de lazer, espa\u00e7o infantil com brinquedos infl\u00e1veis, produtos oficiais, estacionamento e muito mais. A expectativa \u00e9 receber mais de 2.000 pessoas no fim de semana.<\/p>\n<p style=\"text-align: justify;\">A Caruaru Cup \u00e9 promovida pelo Caruaru City desde 2019 e est\u00e1 no calend\u00e1rio dos grandes eventos esportivos infantis do Nordeste. O evento, que refor\u00e7a a import\u00e2ncia dos valores do esporte e da inclus\u00e3o social (meninas e meninos jogam juntos), dentro de um ambiente adequado para os atletas e agrad\u00e1vel para as fam\u00edlias, tamb\u00e9m impacta, direta e indiretamente, no desenvolvimento socioecon\u00f4mico e cultural do munic\u00edpio, impactando alguns setores da economia, como com\u00e9rcio, turismo, hotelaria e alimenta\u00e7\u00e3o.<\/p>\n<p style=\"text-align: justify;\">CARUARU CUP | 4\u00aa edi\u00e7\u00e3o<br \/>\n_De 4 a 6 de novembro 2022_<br \/>\n_a partir das 9h_<br \/>\n_CT Ninho do Gavi\u00e3o_<br \/>\n_Entrada gratuita._<br \/>\n_Org: Caruaru City Sport Club_<\/p>\n<p style=\"text-align: justify;\">_Fotos: Ellen Galv\u00e3o\/Caruaru City_<\/p>\n<p style=\"text-align: justify;\">Siga o Instagram do Blog do Edvaldo Magalh\u00e3es e se inscreva no canal do Blog no YouTube.<\/p>\n","protected":false},"excerpt":{"rendered":"<p>Caruaru vai sediar neste fim de semana a copa do mundo de futebol infantil: a 4\u00aa edi\u00e7\u00e3o da Caruaru Cup&hellip;<\/p>\n","protected":false},"author":1,"featured_media":89596,"comment_status":"closed","ping_status":"open","sticky":false,"template":"","format":"standard","meta":{"footnotes":""},"categories":[14120],"tags":[2,19532,3406,25989],"class_list":["post-89595","post","type-post","status-publish","format-standard","has-post-thumbnail","hentry","category-noticias","tag-blog-do-edvaldo-magalhaes","tag-blog-mais-acessado-e-visualizado-de-caruaru-e-regiao","tag-caruaru","tag-caruaru-sedia-a-copa-do-mundo-de-futebol-infantil-a-partir-desta-sexta-feira-4"],"_links":{"self":[{"href":"https:\/\/blogdoedvaldomagalhaes.com.br\/index.php\/wp-json\/wp\/v2\/posts\/89595","targetHints":{"allow":["GET"]}}],"collection":[{"href":"https:\/\/blogdoedvaldomagalhaes.com.br\/index.php\/wp-json\/wp\/v2\/posts"}],"about":[{"href":"https:\/\/blogdoedvaldomagalhaes.com.br\/index.php\/wp-json\/wp\/v2\/types\/post"}],"author":[{"embeddable":true,"href":"https:\/\/blogdoedvaldomagalhaes.com.br\/index.php\/wp-json\/wp\/v2\/users\/1"}],"replies":[{"embeddable":true,"href":"https:\/\/blogdoedvaldomagalhaes.com.br\/index.php\/wp-json\/wp\/v2\/comments?post=89595"}],"version-history":[{"count":1,"href":"https:\/\/blogdoedvaldomagalhaes.com.br\/index.php\/wp-json\/wp\/v2\/posts\/89595\/revisions"}],"predecessor-version":[{"id":89597,"href":"https:\/\/blogdoedvaldomagalhaes.com.br\/index.php\/wp-json\/wp\/v2\/posts\/89595\/revisions\/89597"}],"wp:featuredmedia":[{"embeddable":true,"href":"https:\/\/blogdoedvaldomagalhaes.com.br\/index.php\/wp-json\/wp\/v2\/media\/89596"}],"wp:attachment":[{"href":"https:\/\/blogdoedvaldomagalhaes.com.br\/index.php\/wp-json\/wp\/v2\/media?parent=89595"}],"wp:term":[{"taxonomy":"category","embeddable":true,"href":"https:\/\/blogdoedvaldomagalhaes.com.br\/index.php\/wp-json\/wp\/v2\/categories?post=89595"},{"taxonomy":"post_tag","embeddable":true,"href":"https:\/\/blogdoedvaldomagalhaes.com.br\/index.php\/wp-json\/wp\/v2\/tags?post=89595"}],"curies":[{"name":"wp","href":"https:\/\/api.w.org\/{rel}","templated":true}]}}