{"id":89585,"date":"2022-11-03T08:50:23","date_gmt":"2022-11-03T11:50:23","guid":{"rendered":"https:\/\/blogdoedvaldomagalhaes.com.br\/?p=89585"},"modified":"2022-11-03T22:46:30","modified_gmt":"2022-11-04T01:46:30","slug":"homem-e-assassinado-na-frente-de-casa-em-caruaru","status":"publish","type":"post","link":"https:\/\/blogdoedvaldomagalhaes.com.br\/index.php\/2022\/11\/03\/homem-e-assassinado-na-frente-de-casa-em-caruaru\/","title":{"rendered":"Homem \u00e9 assassinado na frente de casa em Caruaru"},"content":{"rendered":"<p style=\"text-align: justify;\">Um homem foi assassinado a tiros na rua do Ros\u00e1rio, na Vila do Aeroporto, em Caruaru, na manh\u00e3 desta quinta-feira (03). O SAMU foi acionado, mas quando a equipe chegou ao local encontrou em \u00f3bito Luiz Almeida da Concei\u00e7\u00e3o, 57 anos. Ele p<span style=\"color: initial; font-size: revert;\">ossu\u00eda um pequeno mercadinho e tamb\u00e9m trabalhava com recicl\u00e1veis. A<\/span><span style=\"font-size: revert; color: initial;\"> v\u00edtima tirou a motocicleta cinquentinha de casa, para sair e n\u00e3o deu tempo de fechar o port\u00e3o, sendo assassinada a tiros ao lado da moto com a chave na igni\u00e7\u00e3o. Nenhum pertence dele foi levado. O corpo foi encaminhado ao IML de Caruaru.<\/span><\/p>\n<p style=\"text-align: justify;\">Este \u00e9 o 2\u00b0 homic\u00eddio no m\u00eas de novembro, e o 77\u00b0 do ano de 2022, em Caruaru. Foto: Reprodu\u00e7\u00e3o\/WhatsApp.<\/p>\n<p style=\"text-align: justify;\">Siga o Instagram do Blog do Edvaldo Magalh\u00e3es e se inscreva no canal do Blog no YouTube.<\/p>\n","protected":false},"excerpt":{"rendered":"<p>Um homem foi assassinado a tiros na rua do Ros\u00e1rio, na Vila do Aeroporto, em Caruaru, na manh\u00e3 desta quinta-feira&hellip;<\/p>\n","protected":false},"author":1,"featured_media":89586,"comment_status":"closed","ping_status":"open","sticky":false,"template":"","format":"standard","meta":{"footnotes":""},"categories":[14121],"tags":[2,19532,3406,25988],"class_list":["post-89585","post","type-post","status-publish","format-standard","has-post-thumbnail","hentry","category-policial","tag-blog-do-edvaldo-magalhaes","tag-blog-mais-acessado-e-visualizado-de-caruaru-e-regiao","tag-caruaru","tag-homem-e-assassinado-na-frente-de-casa-em-caruaru"],"_links":{"self":[{"href":"https:\/\/blogdoedvaldomagalhaes.com.br\/index.php\/wp-json\/wp\/v2\/posts\/89585","targetHints":{"allow":["GET"]}}],"collection":[{"href":"https:\/\/blogdoedvaldomagalhaes.com.br\/index.php\/wp-json\/wp\/v2\/posts"}],"about":[{"href":"https:\/\/blogdoedvaldomagalhaes.com.br\/index.php\/wp-json\/wp\/v2\/types\/post"}],"author":[{"embeddable":true,"href":"https:\/\/blogdoedvaldomagalhaes.com.br\/index.php\/wp-json\/wp\/v2\/users\/1"}],"replies":[{"embeddable":true,"href":"https:\/\/blogdoedvaldomagalhaes.com.br\/index.php\/wp-json\/wp\/v2\/comments?post=89585"}],"version-history":[{"count":5,"href":"https:\/\/blogdoedvaldomagalhaes.com.br\/index.php\/wp-json\/wp\/v2\/posts\/89585\/revisions"}],"predecessor-version":[{"id":89619,"href":"https:\/\/blogdoedvaldomagalhaes.com.br\/index.php\/wp-json\/wp\/v2\/posts\/89585\/revisions\/89619"}],"wp:featuredmedia":[{"embeddable":true,"href":"https:\/\/blogdoedvaldomagalhaes.com.br\/index.php\/wp-json\/wp\/v2\/media\/89586"}],"wp:attachment":[{"href":"https:\/\/blogdoedvaldomagalhaes.com.br\/index.php\/wp-json\/wp\/v2\/media?parent=89585"}],"wp:term":[{"taxonomy":"category","embeddable":true,"href":"https:\/\/blogdoedvaldomagalhaes.com.br\/index.php\/wp-json\/wp\/v2\/categories?post=89585"},{"taxonomy":"post_tag","embeddable":true,"href":"https:\/\/blogdoedvaldomagalhaes.com.br\/index.php\/wp-json\/wp\/v2\/tags?post=89585"}],"curies":[{"name":"wp","href":"https:\/\/api.w.org\/{rel}","templated":true}]}}