{"id":89582,"date":"2022-11-03T08:26:10","date_gmt":"2022-11-03T11:26:10","guid":{"rendered":"https:\/\/blogdoedvaldomagalhaes.com.br\/?p=89582"},"modified":"2022-11-03T08:26:12","modified_gmt":"2022-11-03T11:26:12","slug":"homem-e-preso-com-drogas-armas-e-municoes-em-casa","status":"publish","type":"post","link":"https:\/\/blogdoedvaldomagalhaes.com.br\/index.php\/2022\/11\/03\/homem-e-preso-com-drogas-armas-e-municoes-em-casa\/","title":{"rendered":"Homem \u00e9 preso com drogas, armas e muni\u00e7\u00f5es em casa"},"content":{"rendered":"<p style=\"text-align: justify;\"><span style=\"font-size: revert; color: initial;\">Um homem foi preso, na quarta-feira (03\/11), em Santo Amaro, \u00e1rea central do Recife, por tr\u00e1fico de entorpecentes e posse ilegal de arma de fogo. Policiais militares do 16\u00ba BPM realizavam rondas no bairro, quando avistaram o suspeito em frente a sua casa, na Rua Salvador, comunidade dos Apolos.<\/span><\/p>\n<p style=\"text-align: justify;\">Ele n\u00e3o se op\u00f4s \u00e0 entrada do efetivo, que ao revistar o local encontrou diversos materiais relativos \u00e0 pr\u00e1tica de crimes, como um rev\u00f3lver calibre 38 e seis cartelas de muni\u00e7\u00e3o, dois carregadores de pistola sendo um calibre .40 e outro de .380, duas balan\u00e7as de precis\u00e3o, 638g de maconha, 66 pinos de coca\u00edna e R$ 5.825,00 em esp\u00e9cie.<\/p>\n<p style=\"text-align: justify;\">Diante dos fatos, o envolvido foi conduzido, juntamente com todo o material apreendido, para a Central de Plant\u00f5es da Capital, para ado\u00e7\u00e3o dos procedimentos cab\u00edveis. Foto: Divulga\u00e7\u00e3o.<\/p>\n<p style=\"text-align: justify;\">Siga o Instagram do Blog do Edvaldo Magalh\u00e3es e se inscreva no canal do Blog no YouTube.<\/p>\n","protected":false},"excerpt":{"rendered":"<p>Um homem foi preso, na quarta-feira (03\/11), em Santo Amaro, \u00e1rea central do Recife, por tr\u00e1fico de entorpecentes e posse&hellip;<\/p>\n","protected":false},"author":1,"featured_media":89583,"comment_status":"closed","ping_status":"open","sticky":false,"template":"","format":"standard","meta":{"footnotes":""},"categories":[14121],"tags":[2,19532,3406,25987],"class_list":["post-89582","post","type-post","status-publish","format-standard","has-post-thumbnail","hentry","category-policial","tag-blog-do-edvaldo-magalhaes","tag-blog-mais-acessado-e-visualizado-de-caruaru-e-regiao","tag-caruaru","tag-homem-e-preso-com-drogas-armas-e-municoes-em-casa"],"_links":{"self":[{"href":"https:\/\/blogdoedvaldomagalhaes.com.br\/index.php\/wp-json\/wp\/v2\/posts\/89582","targetHints":{"allow":["GET"]}}],"collection":[{"href":"https:\/\/blogdoedvaldomagalhaes.com.br\/index.php\/wp-json\/wp\/v2\/posts"}],"about":[{"href":"https:\/\/blogdoedvaldomagalhaes.com.br\/index.php\/wp-json\/wp\/v2\/types\/post"}],"author":[{"embeddable":true,"href":"https:\/\/blogdoedvaldomagalhaes.com.br\/index.php\/wp-json\/wp\/v2\/users\/1"}],"replies":[{"embeddable":true,"href":"https:\/\/blogdoedvaldomagalhaes.com.br\/index.php\/wp-json\/wp\/v2\/comments?post=89582"}],"version-history":[{"count":1,"href":"https:\/\/blogdoedvaldomagalhaes.com.br\/index.php\/wp-json\/wp\/v2\/posts\/89582\/revisions"}],"predecessor-version":[{"id":89584,"href":"https:\/\/blogdoedvaldomagalhaes.com.br\/index.php\/wp-json\/wp\/v2\/posts\/89582\/revisions\/89584"}],"wp:featuredmedia":[{"embeddable":true,"href":"https:\/\/blogdoedvaldomagalhaes.com.br\/index.php\/wp-json\/wp\/v2\/media\/89583"}],"wp:attachment":[{"href":"https:\/\/blogdoedvaldomagalhaes.com.br\/index.php\/wp-json\/wp\/v2\/media?parent=89582"}],"wp:term":[{"taxonomy":"category","embeddable":true,"href":"https:\/\/blogdoedvaldomagalhaes.com.br\/index.php\/wp-json\/wp\/v2\/categories?post=89582"},{"taxonomy":"post_tag","embeddable":true,"href":"https:\/\/blogdoedvaldomagalhaes.com.br\/index.php\/wp-json\/wp\/v2\/tags?post=89582"}],"curies":[{"name":"wp","href":"https:\/\/api.w.org\/{rel}","templated":true}]}}