{"id":89579,"date":"2022-11-02T20:03:54","date_gmt":"2022-11-02T23:03:54","guid":{"rendered":"https:\/\/blogdoedvaldomagalhaes.com.br\/?p=89579"},"modified":"2022-11-02T20:03:55","modified_gmt":"2022-11-02T23:03:55","slug":"patrulha-rural-de-caruaru-conduz-a-delegacia-suspeito-de-tentativa-de-furto-de-moto","status":"publish","type":"post","link":"https:\/\/blogdoedvaldomagalhaes.com.br\/index.php\/2022\/11\/02\/patrulha-rural-de-caruaru-conduz-a-delegacia-suspeito-de-tentativa-de-furto-de-moto\/","title":{"rendered":"Patrulha Rural de Caruaru conduz \u00e0 delegacia suspeito de tentativa de furto de moto"},"content":{"rendered":"<p style=\"text-align: justify;\">A Guarda Municipal de Caruaru (GM), na manh\u00e3 desta quarta-feira (02), recebeu a informa\u00e7\u00e3o de um popular, por meio da Central de Emerg\u00eancia (153), que sua moto estaria sendo furtada em frente a sua resid\u00eancia, no bairro Santa Rosa. Uma equipe da Patrulha Rural da GM foi at\u00e9 o local e constatou a veracidade da informa\u00e7\u00e3o, ap\u00f3s consulta nas c\u00e2meras de seguran\u00e7a.<\/p>\n<p style=\"text-align: justify;\">O suspeito da tentativa de furto estava com capacete e uma chave. O mesmo foi conduzido \u00e0 Delegacia Regional de Plant\u00e3o. Foto: Divulga\u00e7\u00e3o.<\/p>\n<p style=\"text-align: justify;\">Siga o Instagram do Blog do Edvaldo Magalh\u00e3es e se inscreva no canal do Blog no YouTube.<\/p>\n","protected":false},"excerpt":{"rendered":"<p>A Guarda Municipal de Caruaru (GM), na manh\u00e3 desta quarta-feira (02), recebeu a informa\u00e7\u00e3o de um popular, por meio da&hellip;<\/p>\n","protected":false},"author":1,"featured_media":89580,"comment_status":"closed","ping_status":"open","sticky":false,"template":"","format":"standard","meta":{"footnotes":""},"categories":[14121],"tags":[2,19532,3406,25986],"class_list":["post-89579","post","type-post","status-publish","format-standard","has-post-thumbnail","hentry","category-policial","tag-blog-do-edvaldo-magalhaes","tag-blog-mais-acessado-e-visualizado-de-caruaru-e-regiao","tag-caruaru","tag-patrulha-rural-de-caruaru-conduz-a-delegacia-suspeito-de-tentativa-de-furto-de-moto"],"_links":{"self":[{"href":"https:\/\/blogdoedvaldomagalhaes.com.br\/index.php\/wp-json\/wp\/v2\/posts\/89579","targetHints":{"allow":["GET"]}}],"collection":[{"href":"https:\/\/blogdoedvaldomagalhaes.com.br\/index.php\/wp-json\/wp\/v2\/posts"}],"about":[{"href":"https:\/\/blogdoedvaldomagalhaes.com.br\/index.php\/wp-json\/wp\/v2\/types\/post"}],"author":[{"embeddable":true,"href":"https:\/\/blogdoedvaldomagalhaes.com.br\/index.php\/wp-json\/wp\/v2\/users\/1"}],"replies":[{"embeddable":true,"href":"https:\/\/blogdoedvaldomagalhaes.com.br\/index.php\/wp-json\/wp\/v2\/comments?post=89579"}],"version-history":[{"count":1,"href":"https:\/\/blogdoedvaldomagalhaes.com.br\/index.php\/wp-json\/wp\/v2\/posts\/89579\/revisions"}],"predecessor-version":[{"id":89581,"href":"https:\/\/blogdoedvaldomagalhaes.com.br\/index.php\/wp-json\/wp\/v2\/posts\/89579\/revisions\/89581"}],"wp:featuredmedia":[{"embeddable":true,"href":"https:\/\/blogdoedvaldomagalhaes.com.br\/index.php\/wp-json\/wp\/v2\/media\/89580"}],"wp:attachment":[{"href":"https:\/\/blogdoedvaldomagalhaes.com.br\/index.php\/wp-json\/wp\/v2\/media?parent=89579"}],"wp:term":[{"taxonomy":"category","embeddable":true,"href":"https:\/\/blogdoedvaldomagalhaes.com.br\/index.php\/wp-json\/wp\/v2\/categories?post=89579"},{"taxonomy":"post_tag","embeddable":true,"href":"https:\/\/blogdoedvaldomagalhaes.com.br\/index.php\/wp-json\/wp\/v2\/tags?post=89579"}],"curies":[{"name":"wp","href":"https:\/\/api.w.org\/{rel}","templated":true}]}}