{"id":89575,"date":"2022-11-02T17:05:37","date_gmt":"2022-11-02T20:05:37","guid":{"rendered":"https:\/\/blogdoedvaldomagalhaes.com.br\/?p=89575"},"modified":"2022-11-02T17:05:40","modified_gmt":"2022-11-02T20:05:40","slug":"prf-encontra-duas-criancas-deixadas-pelo-pai-dentro-de-carro-para-participar-de-manifestacao","status":"publish","type":"post","link":"https:\/\/blogdoedvaldomagalhaes.com.br\/index.php\/2022\/11\/02\/prf-encontra-duas-criancas-deixadas-pelo-pai-dentro-de-carro-para-participar-de-manifestacao\/","title":{"rendered":"PRF encontra duas crian\u00e7as deixadas pelo pai dentro de carro para participar de manifesta\u00e7\u00e3o"},"content":{"rendered":"<p style=\"text-align: justify;\"><span style=\"color: initial; font-size: revert;\">Um flagrante chamou a aten\u00e7\u00e3o de policiais rodovi\u00e1rios federais nesta quarta-feira (11), no bairro do Curado, na Zona Oeste da Capital. Eles encontraram dois meninos, de 7 e 11 anos de idade, que haviam sido deixados pelo pai dentro de um carro, embaixo do viaduto que d\u00e1 acesso \u00e0 BR 232. O homem \u00e9 suspeito de deixar os filhos dentro do ve\u00edculo, para participar de uma manifesta\u00e7\u00e3o no Km 7 da rodovia, no mesmo bairro.<\/span><\/p>\n<p style=\"text-align: justify;\">Policiais realizavam uma fiscaliza\u00e7\u00e3o pr\u00f3ximo ao Centro de Abastecimento e Log\u00edstica de Pernambuco (CEASA), quando avistaram um carro estacionado de forma irregular na rodovia e com as placas cobertas. Ao se aproximarem do ve\u00edculo, encontraram duas crian\u00e7as dentro do ve\u00edculo, que estava ligado e com o ar condicionado ativado. Aos policiais, os meninos disseram que o pai havia deixado eles l\u00e1 para participar da manifesta\u00e7\u00e3o.<\/p>\n<p style=\"text-align: justify;\">A equipe conseguiu entrar em contato com o homem e ele se apresentou na Delegacia Metropolitana da PRF, no Km 69 da BR 101, na mesma regi\u00e3o. Em seguida, o pai foi encaminhado junto com os filhos \u00e0 Delegacia da Mulher, em Santo Amaro, na \u00e1rea central do Recife. Ele poder\u00e1 responder por abandono de incapaz. Foto: Divulga\u00e7\u00e3o\/PRF.<\/p>\n<p style=\"text-align: justify;\">Siga o Instagram do Blog do Edvaldo Magalh\u00e3es.<\/p>\n","protected":false},"excerpt":{"rendered":"<p>Um flagrante chamou a aten\u00e7\u00e3o de policiais rodovi\u00e1rios federais nesta quarta-feira (11), no bairro do Curado, na Zona Oeste da&hellip;<\/p>\n","protected":false},"author":1,"featured_media":89577,"comment_status":"closed","ping_status":"open","sticky":false,"template":"","format":"standard","meta":{"footnotes":""},"categories":[14121],"tags":[2,19532,3406,25985],"class_list":["post-89575","post","type-post","status-publish","format-standard","has-post-thumbnail","hentry","category-policial","tag-blog-do-edvaldo-magalhaes","tag-blog-mais-acessado-e-visualizado-de-caruaru-e-regiao","tag-caruaru","tag-prf-encontra-duas-criancas-deixadas-pelo-pai-dentro-de-carro-para-participar-de-manifestacao"],"_links":{"self":[{"href":"https:\/\/blogdoedvaldomagalhaes.com.br\/index.php\/wp-json\/wp\/v2\/posts\/89575","targetHints":{"allow":["GET"]}}],"collection":[{"href":"https:\/\/blogdoedvaldomagalhaes.com.br\/index.php\/wp-json\/wp\/v2\/posts"}],"about":[{"href":"https:\/\/blogdoedvaldomagalhaes.com.br\/index.php\/wp-json\/wp\/v2\/types\/post"}],"author":[{"embeddable":true,"href":"https:\/\/blogdoedvaldomagalhaes.com.br\/index.php\/wp-json\/wp\/v2\/users\/1"}],"replies":[{"embeddable":true,"href":"https:\/\/blogdoedvaldomagalhaes.com.br\/index.php\/wp-json\/wp\/v2\/comments?post=89575"}],"version-history":[{"count":1,"href":"https:\/\/blogdoedvaldomagalhaes.com.br\/index.php\/wp-json\/wp\/v2\/posts\/89575\/revisions"}],"predecessor-version":[{"id":89578,"href":"https:\/\/blogdoedvaldomagalhaes.com.br\/index.php\/wp-json\/wp\/v2\/posts\/89575\/revisions\/89578"}],"wp:featuredmedia":[{"embeddable":true,"href":"https:\/\/blogdoedvaldomagalhaes.com.br\/index.php\/wp-json\/wp\/v2\/media\/89577"}],"wp:attachment":[{"href":"https:\/\/blogdoedvaldomagalhaes.com.br\/index.php\/wp-json\/wp\/v2\/media?parent=89575"}],"wp:term":[{"taxonomy":"category","embeddable":true,"href":"https:\/\/blogdoedvaldomagalhaes.com.br\/index.php\/wp-json\/wp\/v2\/categories?post=89575"},{"taxonomy":"post_tag","embeddable":true,"href":"https:\/\/blogdoedvaldomagalhaes.com.br\/index.php\/wp-json\/wp\/v2\/tags?post=89575"}],"curies":[{"name":"wp","href":"https:\/\/api.w.org\/{rel}","templated":true}]}}