{"id":89572,"date":"2022-11-02T14:48:15","date_gmt":"2022-11-02T17:48:15","guid":{"rendered":"https:\/\/blogdoedvaldomagalhaes.com.br\/?p=89572"},"modified":"2022-11-02T14:48:17","modified_gmt":"2022-11-02T17:48:17","slug":"multa-e-guincho-atuacao-da-prf-durante-manifestacao-na-br-232","status":"publish","type":"post","link":"https:\/\/blogdoedvaldomagalhaes.com.br\/index.php\/2022\/11\/02\/multa-e-guincho-atuacao-da-prf-durante-manifestacao-na-br-232\/","title":{"rendered":"Multa e guincho: Atua\u00e7\u00e3o da PRF durante manifesta\u00e7\u00e3o na BR-232"},"content":{"rendered":"<p style=\"text-align: justify;\"><span style=\"color: initial; font-size: revert; text-align: justify;\">Enquanto dezenas de manifestantes se aglomeram na BR-232, km 7, em Recife, a Pol\u00edcia Rodovi\u00e1ria Federal em Pernambuco segue cumprindo sua miss\u00e3o de manter a mobilidade nas rodovias federais. Para isso, os agentes est\u00e3o autuando motoristas que estacionaram seus ve\u00edculos de forma irregular na via, assim como aqueles que est\u00e3o fazendo uso do ve\u00edculo para restringir ou perturbar a circula\u00e7\u00e3o dos demais usu\u00e1rios alheios \u00e0 manifesta\u00e7\u00e3o.<\/span><\/p>\n<p style=\"text-align: justify;\">At\u00e9 o in\u00edcio da tarde desta quarta (02), a PRF lavrou cerca de 100 autos de infra\u00e7\u00e3o por irregularidades diversas. Alguns dos ve\u00edculos estavam estacionados no viaduto que d\u00e1 acesso \u00e0 rodovia. J\u00e1 se iniciou tamb\u00e9m o reboque de alguns desses ve\u00edculos.<\/p>\n<p style=\"text-align: justify;\">De acordo com o Art. 253 A do C\u00f3digo de Tr\u00e2nsito Brasileiro (CTB), algumas multas podem variar de R$ 5 mil a R$ 17 mil. Desde ontem a institui\u00e7\u00e3o vem trabalhando para viabilizar o lan\u00e7amento das notifica\u00e7\u00f5es na Carteira Digital de Tr\u00e2nsito (CDT). Em todo o Brasil j\u00e1 foram aplicadas cerca de 2 mil multas para ve\u00edculos relacionados aos bloqueios e \u00e0s manifesta\u00e7\u00f5es, totalizando mais de 18 milh\u00f5es reais. Informa\u00e7\u00f5es e foto: N<span style=\"font-size: revert; color: initial;\">ucom PRF\/PE.<\/span><\/p>\n<p style=\"text-align: justify;\">Siga o Instagram do Blog do Edvaldo Magalh\u00e3es e se inscreva no canal do Blog no YouTube.<\/p>\n","protected":false},"excerpt":{"rendered":"<p>Enquanto dezenas de manifestantes se aglomeram na BR-232, km 7, em Recife, a Pol\u00edcia Rodovi\u00e1ria Federal em Pernambuco segue cumprindo&hellip;<\/p>\n","protected":false},"author":1,"featured_media":89573,"comment_status":"closed","ping_status":"open","sticky":false,"template":"","format":"standard","meta":{"footnotes":""},"categories":[14121],"tags":[2,19532,3406,25984],"class_list":["post-89572","post","type-post","status-publish","format-standard","has-post-thumbnail","hentry","category-policial","tag-blog-do-edvaldo-magalhaes","tag-blog-mais-acessado-e-visualizado-de-caruaru-e-regiao","tag-caruaru","tag-multa-e-guincho-atuacao-da-prf-durante-manifestacao-na-br-232"],"_links":{"self":[{"href":"https:\/\/blogdoedvaldomagalhaes.com.br\/index.php\/wp-json\/wp\/v2\/posts\/89572","targetHints":{"allow":["GET"]}}],"collection":[{"href":"https:\/\/blogdoedvaldomagalhaes.com.br\/index.php\/wp-json\/wp\/v2\/posts"}],"about":[{"href":"https:\/\/blogdoedvaldomagalhaes.com.br\/index.php\/wp-json\/wp\/v2\/types\/post"}],"author":[{"embeddable":true,"href":"https:\/\/blogdoedvaldomagalhaes.com.br\/index.php\/wp-json\/wp\/v2\/users\/1"}],"replies":[{"embeddable":true,"href":"https:\/\/blogdoedvaldomagalhaes.com.br\/index.php\/wp-json\/wp\/v2\/comments?post=89572"}],"version-history":[{"count":1,"href":"https:\/\/blogdoedvaldomagalhaes.com.br\/index.php\/wp-json\/wp\/v2\/posts\/89572\/revisions"}],"predecessor-version":[{"id":89574,"href":"https:\/\/blogdoedvaldomagalhaes.com.br\/index.php\/wp-json\/wp\/v2\/posts\/89572\/revisions\/89574"}],"wp:featuredmedia":[{"embeddable":true,"href":"https:\/\/blogdoedvaldomagalhaes.com.br\/index.php\/wp-json\/wp\/v2\/media\/89573"}],"wp:attachment":[{"href":"https:\/\/blogdoedvaldomagalhaes.com.br\/index.php\/wp-json\/wp\/v2\/media?parent=89572"}],"wp:term":[{"taxonomy":"category","embeddable":true,"href":"https:\/\/blogdoedvaldomagalhaes.com.br\/index.php\/wp-json\/wp\/v2\/categories?post=89572"},{"taxonomy":"post_tag","embeddable":true,"href":"https:\/\/blogdoedvaldomagalhaes.com.br\/index.php\/wp-json\/wp\/v2\/tags?post=89572"}],"curies":[{"name":"wp","href":"https:\/\/api.w.org\/{rel}","templated":true}]}}