{"id":8957,"date":"2016-07-18T19:42:00","date_gmt":"2016-07-18T22:42:00","guid":{"rendered":"http:\/\/blogdoedvaldomagalhaes.com.br\/index.php\/2016\/07\/18\/pmpe-prende-homem-que-tentou-assaltar\/"},"modified":"2019-02-09T00:51:21","modified_gmt":"2019-02-09T02:51:21","slug":"pmpe-prende-homem-que-tentou-assaltar","status":"publish","type":"post","link":"https:\/\/blogdoedvaldomagalhaes.com.br\/index.php\/2016\/07\/18\/pmpe-prende-homem-que-tentou-assaltar\/","title":{"rendered":"PMPE prende homem que tentou assaltar loja em Caruaru"},"content":{"rendered":"<div class=\"separator\" style=\"clear: both; text-align: center;\">\n<a href=\"https:\/\/1.bp.blogspot.com\/-EtEs828YvEg\/V40w7Ak4edI\/AAAAAAAACeU\/ktaP5q5vieYRAem6OZaKyx8NnhsWOKuyQCLcB\/s1600\/pm.JPG\" imageanchor=\"1\" style=\"margin-left: 1em; margin-right: 1em;\"><img loading=\"lazy\" decoding=\"async\" border=\"0\" height=\"300\" src=\"http:\/\/blogdoedvaldomagalhaes.com.br\/wp-content\/uploads\/2016\/07\/pm-1.jpg\" width=\"400\" \/><\/a><\/div>\n<div class=\"separator\" style=\"clear: both; text-align: center;\">\n<\/div>\n<div class=\"separator\" style=\"clear: both; text-align: center;\">\n<a href=\"https:\/\/3.bp.blogspot.com\/--wjgF6NAExc\/V41XNUR76NI\/AAAAAAAACeo\/CJgcxGfoxzYkVVDTrNgGTw4zY0Z5fTsfQCEw\/s1600\/06e78788-0ebf-4624-9866-8d45e969bd96.jpg\" imageanchor=\"1\" style=\"margin-left: 1em; margin-right: 1em;\"><img loading=\"lazy\" decoding=\"async\" border=\"0\" height=\"320\" src=\"http:\/\/blogdoedvaldomagalhaes.com.br\/wp-content\/uploads\/2016\/07\/06e78788-0ebf-4624-9866-8d45e969bd96.jpg\" width=\"213\" \/><\/a><\/div>\n<div class=\"separator\" style=\"clear: both; text-align: center;\">\n<\/div>\n<div style=\"text-align: justify;\">\nO homem que tentou assaltar a loja da claro na manh\u00e3 desta segunda-feira (18), na rua Duque de Caxias, centro de Caruaru, acaba de ser preso pela Pol\u00edcia Militar de Pernambuco. \u00c9 mais um excelente trabalho da briosa PMPE.<\/div>\n<div style=\"text-align: justify;\">\n<div class=\"separator\" style=\"clear: both; text-align: center;\">\n<a href=\"https:\/\/1.bp.blogspot.com\/-eII9GFBcFPA\/V41XNV7lLJI\/AAAAAAAACes\/fju-U34OOzwvMULqxWU1b34duyuGLzNnwCLcB\/s1600\/82cf73f8-d782-469a-aebb-4a0ffb1e1c09.jpg\" imageanchor=\"1\" style=\"margin-left: 1em; margin-right: 1em;\"><img loading=\"lazy\" decoding=\"async\" border=\"0\" height=\"149\" src=\"http:\/\/blogdoedvaldomagalhaes.com.br\/wp-content\/uploads\/2016\/07\/82cf73f8-d782-469a-aebb-4a0ffb1e1c09.jpg\" width=\"400\" \/><\/a><\/div>\n<div class=\"separator\" style=\"clear: both; text-align: center;\">\n<\/div>\n<p>O nome dele \u00e9 Janailton Pereira da Silva, conhecido por Jan Maloqueiro, natural de Caruaru, nasceu em 28 de Outubro de 1987, solteiro, desocupado, 28 anos de idade, e tem passagens pela pol\u00edcia.<\/p>\n<p><\/p>\n<div class=\"separator\" style=\"clear: both; text-align: center;\">\n<iframe loading=\"lazy\" allowfullscreen=\"\" class=\"YOUTUBE-iframe-video\" data-thumbnail-src=\"https:\/\/i.ytimg.com\/vi\/h7rshwsUQcM\/0.jpg\" frameborder=\"0\" height=\"266\" src=\"https:\/\/www.youtube.com\/embed\/h7rshwsUQcM?feature=player_embedded\" width=\"320\"><\/iframe><\/div>\n<div class=\"separator\" style=\"clear: both; text-align: center;\">\n<a href=\"https:\/\/2.bp.blogspot.com\/-AFuuI9KPb88\/V42LoSUub-I\/AAAAAAAAChE\/I46G6h3SphgKSeub8mHlll3YF85SwFNDACLcB\/s1600\/pm.jpg\" imageanchor=\"1\" style=\"margin-left: 1em; margin-right: 1em;\"><img loading=\"lazy\" decoding=\"async\" border=\"0\" height=\"400\" src=\"http:\/\/blogdoedvaldomagalhaes.com.br\/wp-content\/uploads\/2016\/07\/pm-2.jpg\" width=\"223\" \/><\/a><\/div>\n<div class=\"separator\" style=\"clear: both; text-align: center;\">\n<\/div>\n<p><\/div>\n","protected":false},"excerpt":{"rendered":"<p>O homem que tentou assaltar a loja da claro na manh\u00e3 desta segunda-feira (18), na rua Duque de Caxias, centro&hellip;<\/p>\n","protected":false},"author":1,"featured_media":0,"comment_status":"open","ping_status":"open","sticky":false,"template":"","format":"standard","meta":{"footnotes":""},"categories":[1],"tags":[2,3791,6,6887,6540],"class_list":["post-8957","post","type-post","status-publish","format-standard","hentry","category-sem-categoria","tag-blog-do-edvaldo-magalhaes","tag-centro-de-caruaru","tag-noticias","tag-pmpe","tag-rua-duque-de-caxias"],"_links":{"self":[{"href":"https:\/\/blogdoedvaldomagalhaes.com.br\/index.php\/wp-json\/wp\/v2\/posts\/8957","targetHints":{"allow":["GET"]}}],"collection":[{"href":"https:\/\/blogdoedvaldomagalhaes.com.br\/index.php\/wp-json\/wp\/v2\/posts"}],"about":[{"href":"https:\/\/blogdoedvaldomagalhaes.com.br\/index.php\/wp-json\/wp\/v2\/types\/post"}],"author":[{"embeddable":true,"href":"https:\/\/blogdoedvaldomagalhaes.com.br\/index.php\/wp-json\/wp\/v2\/users\/1"}],"replies":[{"embeddable":true,"href":"https:\/\/blogdoedvaldomagalhaes.com.br\/index.php\/wp-json\/wp\/v2\/comments?post=8957"}],"version-history":[{"count":1,"href":"https:\/\/blogdoedvaldomagalhaes.com.br\/index.php\/wp-json\/wp\/v2\/posts\/8957\/revisions"}],"predecessor-version":[{"id":10396,"href":"https:\/\/blogdoedvaldomagalhaes.com.br\/index.php\/wp-json\/wp\/v2\/posts\/8957\/revisions\/10396"}],"wp:attachment":[{"href":"https:\/\/blogdoedvaldomagalhaes.com.br\/index.php\/wp-json\/wp\/v2\/media?parent=8957"}],"wp:term":[{"taxonomy":"category","embeddable":true,"href":"https:\/\/blogdoedvaldomagalhaes.com.br\/index.php\/wp-json\/wp\/v2\/categories?post=8957"},{"taxonomy":"post_tag","embeddable":true,"href":"https:\/\/blogdoedvaldomagalhaes.com.br\/index.php\/wp-json\/wp\/v2\/tags?post=8957"}],"curies":[{"name":"wp","href":"https:\/\/api.w.org\/{rel}","templated":true}]}}