{"id":89569,"date":"2022-11-02T08:05:36","date_gmt":"2022-11-02T11:05:36","guid":{"rendered":"https:\/\/blogdoedvaldomagalhaes.com.br\/?p=89569"},"modified":"2022-11-02T08:05:38","modified_gmt":"2022-11-02T11:05:38","slug":"prf-participa-de-reuniao-no-mpf-sobre-manifestacoes-em-pernambuco","status":"publish","type":"post","link":"https:\/\/blogdoedvaldomagalhaes.com.br\/index.php\/2022\/11\/02\/prf-participa-de-reuniao-no-mpf-sobre-manifestacoes-em-pernambuco\/","title":{"rendered":"PRF participa de reuni\u00e3o no MPF sobre manifesta\u00e7\u00f5es em Pernambuco"},"content":{"rendered":"<p style=\"text-align: justify;\"><span style=\"color: initial; font-size: revert;\">A Pol\u00edcia Rodovi\u00e1ria Federal (PRF) participou de reuni\u00e3o nesta ter\u00e7a-feira (1), na sede do Minist\u00e9rio P\u00fablico Federal (MPF), para tratar do acompanhamento das manifesta\u00e7\u00f5es e da identifica\u00e7\u00e3o de l\u00edderes desse movimento, que ser\u00e3o qualificados e responder\u00e3o pelas a\u00e7\u00f5es junto aos \u00f3rg\u00e3os do Judici\u00e1rio e da Seguran\u00e7a P\u00fablica. Durante o encontro foi discutido que incorrer\u00e3o nas mesmas penalidades aqueles que est\u00e3o transportando mantimentos e pessoas para participar dos protestos.<\/span><\/p>\n<p style=\"text-align: justify;\">Ressalta-se que conforme previsto no artigo 253 do C\u00f3digo de Tr\u00e2nsito Brasileiro (CTB), quem utiliza ve\u00edculo para deliberadamente, interromper, restringir ou perturbar a circula\u00e7\u00e3o na via sem autoriza\u00e7\u00e3o do \u00f3rg\u00e3o ou entidade de tr\u00e2nsito incorre em uma infra\u00e7\u00e3o grav\u00edssima, no valor de R$ 5.869,40. J\u00e1 quem organiza esse tipo de a\u00e7\u00e3o incorre em uma multa no valor de R$ 17.608,20, al\u00e9m de responder pelo crime de desobedi\u00eancia.<\/p>\n<p style=\"text-align: justify;\">Participaram da reuni\u00e3o o superintendente da PRF, Antonio Vital, o Secret\u00e1rio de Defesa Social, Humberto Freire, o superintendente da Pol\u00edcia Federal, Daniel Granjeiro, e coordenadores do Minist\u00e9rio P\u00fablico de Pernambuco (MPPE) e do MPF. Foto: Divulga\u00e7\u00e3o\/PRF.<\/p>\n<p style=\"text-align: justify;\">Siga o Instagram do Blog do Edvaldo Magalh\u00e3es e se inscreva no canal do Blog no YouTube.<\/p>\n","protected":false},"excerpt":{"rendered":"<p>A Pol\u00edcia Rodovi\u00e1ria Federal (PRF) participou de reuni\u00e3o nesta ter\u00e7a-feira (1), na sede do Minist\u00e9rio P\u00fablico Federal (MPF), para tratar&hellip;<\/p>\n","protected":false},"author":1,"featured_media":89570,"comment_status":"closed","ping_status":"open","sticky":false,"template":"","format":"standard","meta":{"footnotes":""},"categories":[14120],"tags":[2,19532,3406,25983],"class_list":["post-89569","post","type-post","status-publish","format-standard","has-post-thumbnail","hentry","category-noticias","tag-blog-do-edvaldo-magalhaes","tag-blog-mais-acessado-e-visualizado-de-caruaru-e-regiao","tag-caruaru","tag-prf-participa-de-reuniao-no-mpf-sobre-manifestacoes-em-pernambuco"],"_links":{"self":[{"href":"https:\/\/blogdoedvaldomagalhaes.com.br\/index.php\/wp-json\/wp\/v2\/posts\/89569","targetHints":{"allow":["GET"]}}],"collection":[{"href":"https:\/\/blogdoedvaldomagalhaes.com.br\/index.php\/wp-json\/wp\/v2\/posts"}],"about":[{"href":"https:\/\/blogdoedvaldomagalhaes.com.br\/index.php\/wp-json\/wp\/v2\/types\/post"}],"author":[{"embeddable":true,"href":"https:\/\/blogdoedvaldomagalhaes.com.br\/index.php\/wp-json\/wp\/v2\/users\/1"}],"replies":[{"embeddable":true,"href":"https:\/\/blogdoedvaldomagalhaes.com.br\/index.php\/wp-json\/wp\/v2\/comments?post=89569"}],"version-history":[{"count":1,"href":"https:\/\/blogdoedvaldomagalhaes.com.br\/index.php\/wp-json\/wp\/v2\/posts\/89569\/revisions"}],"predecessor-version":[{"id":89571,"href":"https:\/\/blogdoedvaldomagalhaes.com.br\/index.php\/wp-json\/wp\/v2\/posts\/89569\/revisions\/89571"}],"wp:featuredmedia":[{"embeddable":true,"href":"https:\/\/blogdoedvaldomagalhaes.com.br\/index.php\/wp-json\/wp\/v2\/media\/89570"}],"wp:attachment":[{"href":"https:\/\/blogdoedvaldomagalhaes.com.br\/index.php\/wp-json\/wp\/v2\/media?parent=89569"}],"wp:term":[{"taxonomy":"category","embeddable":true,"href":"https:\/\/blogdoedvaldomagalhaes.com.br\/index.php\/wp-json\/wp\/v2\/categories?post=89569"},{"taxonomy":"post_tag","embeddable":true,"href":"https:\/\/blogdoedvaldomagalhaes.com.br\/index.php\/wp-json\/wp\/v2\/tags?post=89569"}],"curies":[{"name":"wp","href":"https:\/\/api.w.org\/{rel}","templated":true}]}}