{"id":89562,"date":"2022-11-01T21:52:22","date_gmt":"2022-11-02T00:52:22","guid":{"rendered":"https:\/\/blogdoedvaldomagalhaes.com.br\/?p=89562"},"modified":"2022-11-01T22:47:17","modified_gmt":"2022-11-02T01:47:17","slug":"procon-realiza-nova-pesquisa-de-variacao-de-precos-da-cesta-basica-em-caruaru","status":"publish","type":"post","link":"https:\/\/blogdoedvaldomagalhaes.com.br\/index.php\/2022\/11\/01\/procon-realiza-nova-pesquisa-de-variacao-de-precos-da-cesta-basica-em-caruaru\/","title":{"rendered":"Procon realiza nova pesquisa de varia\u00e7\u00e3o de pre\u00e7os da cesta b\u00e1sica em Caruaru"},"content":{"rendered":"<p style=\"text-align: justify;\"><span style=\"color: initial; font-size: revert;\">Entre os dias 24 e 26 de outubro, a Ger\u00eancia Municipal de Prote\u00e7\u00e3o e Defesa do Consumidor (Procon Caruaru) realizou uma nova pesquisa de varia\u00e7\u00e3o de pre\u00e7os da cesta b\u00e1sica. Neste levantamento, o que chamou a aten\u00e7\u00e3o \u00e9 que, ap\u00f3s oito meses de aumento consecutivo no valor m\u00e9dio pago pela cesta b\u00e1sica em Caruaru, houve uma queda de 0,73% em outubro.<\/span><\/p>\n<p style=\"text-align: justify;\">Os valores foram calculados a partir de uma cesta composta por itens b\u00e1sicos, em quantidade supostamente suficiente para alimentar uma fam\u00edlia de at\u00e9 quatro pessoas, por 30 dias. Sendo assim, de acordo com os c\u00e1lculos do Procon Caruaru, a cesta b\u00e1sica no munic\u00edpio passou de R$ 661,57 (pesquisa referente ao m\u00eas de setembro) para R$ 656,78, em outubro. O impacto sobre o sal\u00e1rio m\u00ednimo, que atualmente \u00e9 R$ 1.212, foi de 54,19%.<\/p>\n<p style=\"text-align: justify;\">\u201cDepois de aumentos sucessivos, o pre\u00e7o m\u00e9dio da cesta b\u00e1sica apresentou, em Caruaru, uma leve redu\u00e7\u00e3o. A varia\u00e7\u00e3o, em compara\u00e7\u00e3o ao m\u00eas de setembro, foi de menos de 1%, e por essa raz\u00e3o, n\u00e3o temos como afirmar, no momento, que se trata de uma tend\u00eancia de queda, mas sim, de uma aparente estabiliza\u00e7\u00e3o dos pre\u00e7os, pois, por exemplo, a varia\u00e7\u00e3o de agosto para setembro foi de 0,42% para mais. Falando em n\u00fameros, a redu\u00e7\u00e3o foi de apenas R$ 5,00 (cinco) reais\u201d, \u00e9 o que afirma o gerente do Procon Caruaru, Nyverson Moura.<\/p>\n<p style=\"text-align: justify;\">O levantamento foi realizado em 13 estabelecimentos, situados em 11 bairros. As equipes de fiscaliza\u00e7\u00e3o registraram os pre\u00e7os de 27 itens, dos quais, 19 foram de g\u00eaneros aliment\u00edcios, quatro de limpeza dom\u00e9stica e quatro de higiene pessoal. Dos alimentos pesquisados, o produto que apresentou a maior redu\u00e7\u00e3o percentual no pre\u00e7o, entre as lojas visitadas, foi o quilo do frango inteiro, com uma diminui\u00e7\u00e3o de -10,7 % no valor do produto. O quilo do frango pode ser encontrado entre R$ 14,79 e R$ 6,49, com pre\u00e7o m\u00e9dio de R$ 11,58. No m\u00eas de setembro, o pre\u00e7o m\u00e9dio do quilo do frango era de R$ 12,82.<\/p>\n<p style=\"text-align: justify;\">Em segundo lugar do ranking veio a salsicha avulsa, com uma redu\u00e7\u00e3o de 5,9% no valor do quilo do produto, que est\u00e1 chegando ao consumidor, neste m\u00eas de outubro, com valor m\u00e9dio de R$ 11,56, podendo ser encontrado entre R$ 16,50 e R$ 5,50. Em setembro, o quilo da salsicha custava em m\u00e9dia R$ 12,24. Em terceiro lugar est\u00e1 o charque de segunda, que em setembro custava em m\u00e9dia, R$ 40,42 o quilo e agora, em outubro, est\u00e1 custando em m\u00e9dia, R$ 38,26. Empataram em quarto lugar, com redu\u00e7\u00e3o de 4,8% no pre\u00e7o, o \u00f3leo de soja, que custava, em m\u00e9dia, R$ 9,05 em setembro, e passou a custar R$ 8,64, em m\u00e9dia, no m\u00eas de outubro, e o feij\u00e3o mulatinho, que era encontrado nas prateleiras em setembro por R$ 7,86, em m\u00e9dia, e agora custa R$ 7,50, em m\u00e9dia.<\/p>\n<p style=\"text-align: justify;\">Em rela\u00e7\u00e3o aos g\u00eaneros aliment\u00edcios que subiram de pre\u00e7o, a cebola foi o que mais encareceu no bolso do consumidor, com um aumento percentual de 16,6%, sendo encontrado, em m\u00e9dia, por R$ 7,05 o quilo (o menor pre\u00e7o do produto foi encontrado por R$ 4,69 e maior, por R$ 9,09). Em setembro, a cebola custava em m\u00e9dia R$ 5,88. Subiram tamb\u00e9m de pre\u00e7o, a farinha de mandioca, que custa em m\u00e9dia R$ 5,37 (podendo ser encontrada agora com varia\u00e7\u00e3o de pre\u00e7os entre R$ 3,89 e R$ 6,89), e em setembro estava por R$ 4,90, a margarina, que pode ser encontrada a R$ 3,68 em m\u00e9dia (sendo R$ 4,49 o maior pre\u00e7o encontrado e R$ 2,99, o menor), quando em setembro, o valor m\u00e9dio era de R$ 3,48, entre outros itens.<\/p>\n<p style=\"text-align: justify;\">O Procon Caruaru tomou como refer\u00eancia as diretrizes do Departamento Intersindical de Estat\u00edstica e Estudos Socioecon\u00f4micos (DIEESE) para estipular os itens e as quantidades da cesta b\u00e1sica analisada utilizada como refer\u00eancia. O conte\u00fado completo do levantamento, com os pre\u00e7os aplicados em cada estabelecimento, est\u00e1 dispon\u00edvel no site da Prefeitura de Caruaru, atrav\u00e9s do link: www.caruaru.pe.gov.br e tamb\u00e9m pelo WhatsApp do Procon Caruaru, que \u00e9 o (81) 9 8384-5909. Nele, o consumidor poder\u00e1 solicitar a pesquisa da cesta b\u00e1sica do m\u00eas de outubro.<\/p>\n<p style=\"text-align: justify;\"><strong>G\u00e1s de cozinha<\/strong><\/p>\n<p style=\"text-align: justify;\">Ap\u00f3s quatro redu\u00e7\u00f5es consecutivas no pre\u00e7o m\u00e9dio do g\u00e1s de cozinha GLP de 13 quilos, em outubro, foi registrado um aumento de 0,06%, chegando a um valor m\u00e9dio de R$ 99,08.<\/p>\n<p style=\"text-align: justify;\">Na compra \u00e0 vista, o menor valor do g\u00e1s encontrado para compra no local da revenda foi de R$ 90,00, em tr\u00eas estabelecimentos localizados nos bairros Vila Kennedy, Jos\u00e9 Carlos de Oliveira e Pinheir\u00f3polis. O valor mais caro para a compra a prazo, com retirada no local, foi no bairro Santa Rosa, com o produto podendo ser encontrado da R$ 125.<\/p>\n<p style=\"text-align: justify;\">A pesquisa do valor m\u00e9dio do g\u00e1s de cozinha foi realizada pelo Procon Caruaru no dia 27 de outubro, em 10 estabelecimentos, de nove bairros: Salgado, Pinheir\u00f3polis, Vassoural, Jos\u00e9 Carlos de Oliveira, Vila Kennedy, Santa Rosa, Jo\u00e3o Mota, Nova Caruaru e Cedro.<\/p>\n<p style=\"text-align: justify;\">O PROCON Caruaru funciona de segunda a sexta, das 8h \u00e0s 14h, na rua Floriano Peixoto, 147, Centro. Foto: Jorge Farias.<\/p>\n<p style=\"text-align: justify;\">Siga o Instagram do Blog do Edvaldo Magalh\u00e3es e se inscreva no canal do Blog no YouTube.<\/p>\n\n\n<figure class=\"wp-block-image size-full\"><img loading=\"lazy\" decoding=\"async\" width=\"541\" height=\"601\" src=\"https:\/\/blogdoedvaldomagalhaes.com.br\/wp-content\/uploads\/2022\/11\/IMG-20221101-WA0104.jpg\" alt=\"\" class=\"wp-image-89566\" srcset=\"https:\/\/blogdoedvaldomagalhaes.com.br\/wp-content\/uploads\/2022\/11\/IMG-20221101-WA0104.jpg 541w, https:\/\/blogdoedvaldomagalhaes.com.br\/wp-content\/uploads\/2022\/11\/IMG-20221101-WA0104-270x300.jpg 270w\" sizes=\"auto, (max-width: 541px) 100vw, 541px\" \/><\/figure>\n","protected":false},"excerpt":{"rendered":"<p>Entre os dias 24 e 26 de outubro, a Ger\u00eancia Municipal de Prote\u00e7\u00e3o e Defesa do Consumidor (Procon Caruaru) realizou&hellip;<\/p>\n","protected":false},"author":1,"featured_media":89563,"comment_status":"closed","ping_status":"open","sticky":false,"template":"","format":"standard","meta":{"footnotes":""},"categories":[14120],"tags":[2,19532,3406,25982],"class_list":["post-89562","post","type-post","status-publish","format-standard","has-post-thumbnail","hentry","category-noticias","tag-blog-do-edvaldo-magalhaes","tag-blog-mais-acessado-e-visualizado-de-caruaru-e-regiao","tag-caruaru","tag-procon-realiza-nova-pesquisa-de-variacao-de-precos-da-cesta-basica-em-caruaru"],"_links":{"self":[{"href":"https:\/\/blogdoedvaldomagalhaes.com.br\/index.php\/wp-json\/wp\/v2\/posts\/89562","targetHints":{"allow":["GET"]}}],"collection":[{"href":"https:\/\/blogdoedvaldomagalhaes.com.br\/index.php\/wp-json\/wp\/v2\/posts"}],"about":[{"href":"https:\/\/blogdoedvaldomagalhaes.com.br\/index.php\/wp-json\/wp\/v2\/types\/post"}],"author":[{"embeddable":true,"href":"https:\/\/blogdoedvaldomagalhaes.com.br\/index.php\/wp-json\/wp\/v2\/users\/1"}],"replies":[{"embeddable":true,"href":"https:\/\/blogdoedvaldomagalhaes.com.br\/index.php\/wp-json\/wp\/v2\/comments?post=89562"}],"version-history":[{"count":2,"href":"https:\/\/blogdoedvaldomagalhaes.com.br\/index.php\/wp-json\/wp\/v2\/posts\/89562\/revisions"}],"predecessor-version":[{"id":89567,"href":"https:\/\/blogdoedvaldomagalhaes.com.br\/index.php\/wp-json\/wp\/v2\/posts\/89562\/revisions\/89567"}],"wp:featuredmedia":[{"embeddable":true,"href":"https:\/\/blogdoedvaldomagalhaes.com.br\/index.php\/wp-json\/wp\/v2\/media\/89563"}],"wp:attachment":[{"href":"https:\/\/blogdoedvaldomagalhaes.com.br\/index.php\/wp-json\/wp\/v2\/media?parent=89562"}],"wp:term":[{"taxonomy":"category","embeddable":true,"href":"https:\/\/blogdoedvaldomagalhaes.com.br\/index.php\/wp-json\/wp\/v2\/categories?post=89562"},{"taxonomy":"post_tag","embeddable":true,"href":"https:\/\/blogdoedvaldomagalhaes.com.br\/index.php\/wp-json\/wp\/v2\/tags?post=89562"}],"curies":[{"name":"wp","href":"https:\/\/api.w.org\/{rel}","templated":true}]}}