{"id":8956,"date":"2016-07-18T23:13:00","date_gmt":"2016-07-19T02:13:00","guid":{"rendered":"http:\/\/blogdoedvaldomagalhaes.com.br\/index.php\/2016\/07\/18\/banda-fulo-de-mandacaru-tem-novo\/"},"modified":"2019-02-09T00:51:21","modified_gmt":"2019-02-09T02:51:21","slug":"banda-fulo-de-mandacaru-tem-novo","status":"publish","type":"post","link":"https:\/\/blogdoedvaldomagalhaes.com.br\/index.php\/2016\/07\/18\/banda-fulo-de-mandacaru-tem-novo\/","title":{"rendered":"Banda Ful\u00f4 de Mandacaru tem novo integrante"},"content":{"rendered":"<div class=\"separator\" style=\"clear: both; text-align: center;\">\n<a href=\"https:\/\/4.bp.blogspot.com\/-AzCychcWiGU\/V41iCzjq6BI\/AAAAAAAACfM\/Vi7xumV8VkML7Vut-56HZdXSO6vJkXe0QCLcB\/s1600\/tiag1.jpg\" imageanchor=\"1\" style=\"margin-left: 1em; margin-right: 1em;\"><img loading=\"lazy\" decoding=\"async\" border=\"0\" height=\"400\" src=\"http:\/\/blogdoedvaldomagalhaes.com.br\/wp-content\/uploads\/2016\/07\/tiag1.jpg\" width=\"392\" \/><\/a><\/div>\n<div style=\"text-align: justify;\">\n<\/div>\n<div style=\"text-align: justify;\">\nO cantor Tiago Muri\u00ea aceitou o convite para retornar a banda&nbsp; Ful\u00f4 de Mandacaru, vencedora do programa global Superstar 2016. Tiago Muri\u00ea \u00e9 natural de Caruaru e durante sete anos fez parte do trio. Sua sa\u00edda foi em 2012 para seguir&nbsp; carreira solo onde gravou dois CD&#8217;s.&nbsp;<\/div>\n<div style=\"text-align: justify;\">\n<\/div>\n<div style=\"text-align: justify;\">\nO artista volta a comandar o tri\u00e2ngulo no lugar do m\u00fasico Bruno Carvalho que vai se dedicar a carreira solo. Tiago assinou contrato com o trio e j\u00e1 far\u00e1 parte da capa do novo CD lan\u00e7ado pela som livre ainda neste semestre. &#8221; Ser\u00e1 um desafio ainda maior na minha vida, mas agora com um gosto diferente. Antes t\u00ednhamos sucesso e eramos&nbsp; conhecidos em Pernambuco, agora o Brasil aplaude nosso trabalho: uma honra volta a compor essa equipe&#8221; declarou, Muri\u00ea.&nbsp;<\/div>\n<div style=\"text-align: justify;\">\n<\/div>\n<div style=\"text-align: justify;\">\nO cantor vai continuar com a carreira paralela&nbsp; de show ac\u00fastico. Para o p\u00fablico o artista&nbsp;ser\u00e1 apresentado em dois estilos&nbsp; como integrante do trio e na carreira solo. Nesta ter\u00e7a-feira, Muri\u00ea j\u00e1 acompanha a banda como integrante em uma entrevista na TV Tamba\u00fa.<\/div>\n","protected":false},"excerpt":{"rendered":"<p>O cantor Tiago Muri\u00ea aceitou o convite para retornar a banda&nbsp; Ful\u00f4 de Mandacaru, vencedora do programa global Superstar 2016.&hellip;<\/p>\n","protected":false},"author":1,"featured_media":0,"comment_status":"open","ping_status":"open","sticky":false,"template":"","format":"standard","meta":{"footnotes":""},"categories":[1],"tags":[2,13473,2322,6,13474,13475],"class_list":["post-8956","post","type-post","status-publish","format-standard","hentry","category-sem-categoria","tag-blog-do-edvaldo-magalhaes","tag-bruno-carvalho","tag-fulo-de-mandacaru","tag-noticias","tag-tiago-murie","tag-tv-tambau"],"_links":{"self":[{"href":"https:\/\/blogdoedvaldomagalhaes.com.br\/index.php\/wp-json\/wp\/v2\/posts\/8956","targetHints":{"allow":["GET"]}}],"collection":[{"href":"https:\/\/blogdoedvaldomagalhaes.com.br\/index.php\/wp-json\/wp\/v2\/posts"}],"about":[{"href":"https:\/\/blogdoedvaldomagalhaes.com.br\/index.php\/wp-json\/wp\/v2\/types\/post"}],"author":[{"embeddable":true,"href":"https:\/\/blogdoedvaldomagalhaes.com.br\/index.php\/wp-json\/wp\/v2\/users\/1"}],"replies":[{"embeddable":true,"href":"https:\/\/blogdoedvaldomagalhaes.com.br\/index.php\/wp-json\/wp\/v2\/comments?post=8956"}],"version-history":[{"count":1,"href":"https:\/\/blogdoedvaldomagalhaes.com.br\/index.php\/wp-json\/wp\/v2\/posts\/8956\/revisions"}],"predecessor-version":[{"id":10398,"href":"https:\/\/blogdoedvaldomagalhaes.com.br\/index.php\/wp-json\/wp\/v2\/posts\/8956\/revisions\/10398"}],"wp:attachment":[{"href":"https:\/\/blogdoedvaldomagalhaes.com.br\/index.php\/wp-json\/wp\/v2\/media?parent=8956"}],"wp:term":[{"taxonomy":"category","embeddable":true,"href":"https:\/\/blogdoedvaldomagalhaes.com.br\/index.php\/wp-json\/wp\/v2\/categories?post=8956"},{"taxonomy":"post_tag","embeddable":true,"href":"https:\/\/blogdoedvaldomagalhaes.com.br\/index.php\/wp-json\/wp\/v2\/tags?post=8956"}],"curies":[{"name":"wp","href":"https:\/\/api.w.org\/{rel}","templated":true}]}}