{"id":89558,"date":"2022-11-01T21:16:33","date_gmt":"2022-11-02T00:16:33","guid":{"rendered":"https:\/\/blogdoedvaldomagalhaes.com.br\/?p=89558"},"modified":"2022-11-01T21:18:59","modified_gmt":"2022-11-02T00:18:59","slug":"2a-etapa-da-campanha-de-vacinacao-contra-febre-aftosa-e-iniciada","status":"publish","type":"post","link":"https:\/\/blogdoedvaldomagalhaes.com.br\/index.php\/2022\/11\/01\/2a-etapa-da-campanha-de-vacinacao-contra-febre-aftosa-e-iniciada\/","title":{"rendered":"2\u00aa etapa da Campanha de Vacina\u00e7\u00e3o contra Febre Aftosa \u00e9 iniciada"},"content":{"rendered":"<p style=\"text-align: justify;\"><span style=\"color: initial; font-size: revert;\">A Secretaria de Desenvolvimento Rural (SDR), iniciou a segunda etapa da Campanha de Vacina\u00e7\u00e3o contra Febre Aftosa de 2022. A dose de refor\u00e7o segue at\u00e9 30 de novembro e \u00e9 destinada a bovinos e bubalinos, na idade de zero a 24 meses.<\/span><\/p>\n<p style=\"text-align: justify;\">A Secretaria de Desenvolvimento Rural orienta que quem n\u00e3o imunizar seu rebanho ou n\u00e3o declarar a vacina\u00e7\u00e3o poder\u00e1 pagar multa, ficando impossibilitado de emitir a GTA (Guia de Tr\u00e2nsito Animal) e de comercializar a carne no munic\u00edpio e regi\u00e3o, bem como n\u00e3o receber\u00e1 a ficha sanit\u00e1ria, que \u00e9 exigida por institui\u00e7\u00f5es banc\u00e1rias para a libera\u00e7\u00e3o de linhas de cr\u00e9dito para o produtor rural.<\/p>\n<p style=\"text-align: justify;\">Para o secret\u00e1rio da SDR, Manoel J\u00fanior, a Campanha de Vacina\u00e7\u00e3o contra a Aftosa tem como objetivo preservar a sa\u00fade do rebanho, mantendo o compromisso com os pequenos criadores. \u201cEsta segunda etapa \u00e9 muito importante por se tratar de animais jovens. Alguns ainda nem receberam a dose da vacina e est\u00e3o com o sistema imunol\u00f3gico em forma\u00e7\u00e3o. Portanto, mais vulner\u00e1veis \u00e0s doen\u00e7as\u201d, destaca.<\/p>\n<p style=\"text-align: justify;\">Para solicitar a vacina, o produtor rural deve ir at\u00e9 a Secretaria de Desenvolvimento Rural, localizada no Bloco C da Prefeitura de Caruaru, na rua Rafael Cavalcanti, 200, no Bairro Pinheir\u00f3polis. \u00c9 necess\u00e1rio levar CPF, RG e repassar o endere\u00e7o do local onde os animais dever\u00e3o ser imunizados, al\u00e9m do quantitativo de vacinas a serem aplicadas. O hor\u00e1rio de atendimento \u00e9 das 7h \u00e0s 13h, de segunda a sexta-feira.<\/p>\n<p style=\"text-align: justify;\">*Sobre a febre aftosa*<\/p>\n<p style=\"text-align: justify;\">A febre aftosa ataca animais como bovinos, bubalinos, ovinos, caprinos, su\u00ednos e alguns animais silvestres, a exemplo da capivara. A manifesta\u00e7\u00e3o da doen\u00e7a, al\u00e9m da febre, s\u00e3o aftas na boca, feridas entre as unhas, nas tetas, no \u00fabere e no prep\u00facio dos touros, mas ocasiona tamb\u00e9m inflama\u00e7\u00e3o no cora\u00e7\u00e3o do animal, capaz de levar \u00e0 morte, principalmente de bezerros. Foto: Divulga\u00e7\u00e3o\/PMC.<\/p>\n<p style=\"text-align: justify;\">Siga o Instagram do Blog do Edvaldo e se inscreva no canal do Blog no YouTube.<\/p>\n","protected":false},"excerpt":{"rendered":"<p>A Secretaria de Desenvolvimento Rural (SDR), iniciou a segunda etapa da Campanha de Vacina\u00e7\u00e3o contra Febre Aftosa de 2022. A&hellip;<\/p>\n","protected":false},"author":1,"featured_media":89561,"comment_status":"closed","ping_status":"open","sticky":false,"template":"","format":"standard","meta":{"footnotes":""},"categories":[14120],"tags":[25981,2,19532,3406],"class_list":["post-89558","post","type-post","status-publish","format-standard","has-post-thumbnail","hentry","category-noticias","tag-2a-etapa-da-campanha-de-vacinacao-contra-febre-aftosa-e-iniciada","tag-blog-do-edvaldo-magalhaes","tag-blog-mais-acessado-e-visualizado-de-caruaru-e-regiao","tag-caruaru"],"_links":{"self":[{"href":"https:\/\/blogdoedvaldomagalhaes.com.br\/index.php\/wp-json\/wp\/v2\/posts\/89558","targetHints":{"allow":["GET"]}}],"collection":[{"href":"https:\/\/blogdoedvaldomagalhaes.com.br\/index.php\/wp-json\/wp\/v2\/posts"}],"about":[{"href":"https:\/\/blogdoedvaldomagalhaes.com.br\/index.php\/wp-json\/wp\/v2\/types\/post"}],"author":[{"embeddable":true,"href":"https:\/\/blogdoedvaldomagalhaes.com.br\/index.php\/wp-json\/wp\/v2\/users\/1"}],"replies":[{"embeddable":true,"href":"https:\/\/blogdoedvaldomagalhaes.com.br\/index.php\/wp-json\/wp\/v2\/comments?post=89558"}],"version-history":[{"count":1,"href":"https:\/\/blogdoedvaldomagalhaes.com.br\/index.php\/wp-json\/wp\/v2\/posts\/89558\/revisions"}],"predecessor-version":[{"id":89559,"href":"https:\/\/blogdoedvaldomagalhaes.com.br\/index.php\/wp-json\/wp\/v2\/posts\/89558\/revisions\/89559"}],"wp:featuredmedia":[{"embeddable":true,"href":"https:\/\/blogdoedvaldomagalhaes.com.br\/index.php\/wp-json\/wp\/v2\/media\/89561"}],"wp:attachment":[{"href":"https:\/\/blogdoedvaldomagalhaes.com.br\/index.php\/wp-json\/wp\/v2\/media?parent=89558"}],"wp:term":[{"taxonomy":"category","embeddable":true,"href":"https:\/\/blogdoedvaldomagalhaes.com.br\/index.php\/wp-json\/wp\/v2\/categories?post=89558"},{"taxonomy":"post_tag","embeddable":true,"href":"https:\/\/blogdoedvaldomagalhaes.com.br\/index.php\/wp-json\/wp\/v2\/tags?post=89558"}],"curies":[{"name":"wp","href":"https:\/\/api.w.org\/{rel}","templated":true}]}}