{"id":89555,"date":"2022-11-01T19:36:31","date_gmt":"2022-11-01T22:36:31","guid":{"rendered":"https:\/\/blogdoedvaldomagalhaes.com.br\/?p=89555"},"modified":"2022-11-01T19:36:32","modified_gmt":"2022-11-01T22:36:32","slug":"homem-e-assassinado-em-praca-em-caruaru","status":"publish","type":"post","link":"https:\/\/blogdoedvaldomagalhaes.com.br\/index.php\/2022\/11\/01\/homem-e-assassinado-em-praca-em-caruaru\/","title":{"rendered":"Homem \u00e9 assassinado em pra\u00e7a em Caruaru"},"content":{"rendered":"<p style=\"text-align: justify;\">Um homem foi assassinado na tarde desta ter\u00e7a-feira (1), na rua Manoel Tomaz da Silva, no bairro Vila Kennedy, em Caruaru. <span style=\"font-size: revert; color: initial;\">Fagner Jos\u00e9 da Silva, 26 anos de idade, foi assassinado a tiros em uma pra\u00e7a nas proximidades da pr\u00f3xima resid\u00eancia.<\/span><\/p>\n<p style=\"text-align: justify;\">Segundo informa\u00e7\u00f5es, a v\u00edtima tinha problemas psicol\u00f3gicos. O corpo foi encaminhado ao IML de Caruaru. Foto: Adielson Galv\u00e3o\/Cortesia.<\/p>\n<p style=\"text-align: justify;\">Siga o Instagram do Blog do Edvaldo Magalh\u00e3es e se inscreva no canal do Blog no YouTube.<\/p>\n","protected":false},"excerpt":{"rendered":"<p>Um homem foi assassinado na tarde desta ter\u00e7a-feira (1), na rua Manoel Tomaz da Silva, no bairro Vila Kennedy, em&hellip;<\/p>\n","protected":false},"author":1,"featured_media":89556,"comment_status":"closed","ping_status":"open","sticky":false,"template":"","format":"standard","meta":{"footnotes":""},"categories":[14121],"tags":[2,19532,3406,25980,5448],"class_list":["post-89555","post","type-post","status-publish","format-standard","has-post-thumbnail","hentry","category-policial","tag-blog-do-edvaldo-magalhaes","tag-blog-mais-acessado-e-visualizado-de-caruaru-e-regiao","tag-caruaru","tag-homem-e-assassinado-em-praca-em-caruaru","tag-homicidio"],"_links":{"self":[{"href":"https:\/\/blogdoedvaldomagalhaes.com.br\/index.php\/wp-json\/wp\/v2\/posts\/89555","targetHints":{"allow":["GET"]}}],"collection":[{"href":"https:\/\/blogdoedvaldomagalhaes.com.br\/index.php\/wp-json\/wp\/v2\/posts"}],"about":[{"href":"https:\/\/blogdoedvaldomagalhaes.com.br\/index.php\/wp-json\/wp\/v2\/types\/post"}],"author":[{"embeddable":true,"href":"https:\/\/blogdoedvaldomagalhaes.com.br\/index.php\/wp-json\/wp\/v2\/users\/1"}],"replies":[{"embeddable":true,"href":"https:\/\/blogdoedvaldomagalhaes.com.br\/index.php\/wp-json\/wp\/v2\/comments?post=89555"}],"version-history":[{"count":1,"href":"https:\/\/blogdoedvaldomagalhaes.com.br\/index.php\/wp-json\/wp\/v2\/posts\/89555\/revisions"}],"predecessor-version":[{"id":89557,"href":"https:\/\/blogdoedvaldomagalhaes.com.br\/index.php\/wp-json\/wp\/v2\/posts\/89555\/revisions\/89557"}],"wp:featuredmedia":[{"embeddable":true,"href":"https:\/\/blogdoedvaldomagalhaes.com.br\/index.php\/wp-json\/wp\/v2\/media\/89556"}],"wp:attachment":[{"href":"https:\/\/blogdoedvaldomagalhaes.com.br\/index.php\/wp-json\/wp\/v2\/media?parent=89555"}],"wp:term":[{"taxonomy":"category","embeddable":true,"href":"https:\/\/blogdoedvaldomagalhaes.com.br\/index.php\/wp-json\/wp\/v2\/categories?post=89555"},{"taxonomy":"post_tag","embeddable":true,"href":"https:\/\/blogdoedvaldomagalhaes.com.br\/index.php\/wp-json\/wp\/v2\/tags?post=89555"}],"curies":[{"name":"wp","href":"https:\/\/api.w.org\/{rel}","templated":true}]}}