{"id":89551,"date":"2022-11-01T19:22:41","date_gmt":"2022-11-01T22:22:41","guid":{"rendered":"https:\/\/blogdoedvaldomagalhaes.com.br\/?p=89551"},"modified":"2022-11-01T19:28:38","modified_gmt":"2022-11-01T22:28:38","slug":"motorista-de-aplicativo-de-caruaru-e-assassinado-em-agrestina","status":"publish","type":"post","link":"https:\/\/blogdoedvaldomagalhaes.com.br\/index.php\/2022\/11\/01\/motorista-de-aplicativo-de-caruaru-e-assassinado-em-agrestina\/","title":{"rendered":"Motorista de aplicativo de Caruaru \u00e9 assassinado em Agrestina"},"content":{"rendered":"<p style=\"text-align: justify;\"><span style=\"font-size: revert; color: initial;\">O motorista de aplicativo de Caruaru, Marcondes Leandro Branquinhos, 45 anos de idade, foi encontrado morto na noite dessa segunda-feira (31). O corpo da v\u00edtima estava dentro do ve\u00edculo Corsa Classic, em uma estrada vicinal na zona rural de Agrestina.<\/span><\/p>\n<p style=\"text-align: justify;\">A Pol\u00edcia Civil informou que a v\u00edtima estava com as m\u00e3os amarradas no banco de tr\u00e1s e com duas perfura\u00e7\u00f5es a bala.<\/p>\n<p style=\"text-align: justify;\">A Delegacia de Agrestina est\u00e1 investigando o caso. O corpo foi encaminhado para o IML de Caruaru. Foto: Reprodu\u00e7\u00e3o\/Whatsapp.<\/p>\n<p style=\"text-align: justify;\">Siga o Instagram do Blog do Edvaldo Magalh\u00e3es e se inscreva no canal do Blog no YouTube.<\/p>\n","protected":false},"excerpt":{"rendered":"<p>O motorista de aplicativo de Caruaru, Marcondes Leandro Branquinhos, 45 anos de idade, foi encontrado morto na noite dessa segunda-feira&hellip;<\/p>\n","protected":false},"author":1,"featured_media":89552,"comment_status":"closed","ping_status":"open","sticky":false,"template":"","format":"standard","meta":{"footnotes":""},"categories":[14121],"tags":[2,19532,3406,5448,25979],"class_list":["post-89551","post","type-post","status-publish","format-standard","has-post-thumbnail","hentry","category-policial","tag-blog-do-edvaldo-magalhaes","tag-blog-mais-acessado-e-visualizado-de-caruaru-e-regiao","tag-caruaru","tag-homicidio","tag-motorista-de-aplicativo-de-caruaru-e-assassinado-em-agrestina"],"_links":{"self":[{"href":"https:\/\/blogdoedvaldomagalhaes.com.br\/index.php\/wp-json\/wp\/v2\/posts\/89551","targetHints":{"allow":["GET"]}}],"collection":[{"href":"https:\/\/blogdoedvaldomagalhaes.com.br\/index.php\/wp-json\/wp\/v2\/posts"}],"about":[{"href":"https:\/\/blogdoedvaldomagalhaes.com.br\/index.php\/wp-json\/wp\/v2\/types\/post"}],"author":[{"embeddable":true,"href":"https:\/\/blogdoedvaldomagalhaes.com.br\/index.php\/wp-json\/wp\/v2\/users\/1"}],"replies":[{"embeddable":true,"href":"https:\/\/blogdoedvaldomagalhaes.com.br\/index.php\/wp-json\/wp\/v2\/comments?post=89551"}],"version-history":[{"count":2,"href":"https:\/\/blogdoedvaldomagalhaes.com.br\/index.php\/wp-json\/wp\/v2\/posts\/89551\/revisions"}],"predecessor-version":[{"id":89554,"href":"https:\/\/blogdoedvaldomagalhaes.com.br\/index.php\/wp-json\/wp\/v2\/posts\/89551\/revisions\/89554"}],"wp:featuredmedia":[{"embeddable":true,"href":"https:\/\/blogdoedvaldomagalhaes.com.br\/index.php\/wp-json\/wp\/v2\/media\/89552"}],"wp:attachment":[{"href":"https:\/\/blogdoedvaldomagalhaes.com.br\/index.php\/wp-json\/wp\/v2\/media?parent=89551"}],"wp:term":[{"taxonomy":"category","embeddable":true,"href":"https:\/\/blogdoedvaldomagalhaes.com.br\/index.php\/wp-json\/wp\/v2\/categories?post=89551"},{"taxonomy":"post_tag","embeddable":true,"href":"https:\/\/blogdoedvaldomagalhaes.com.br\/index.php\/wp-json\/wp\/v2\/tags?post=89551"}],"curies":[{"name":"wp","href":"https:\/\/api.w.org\/{rel}","templated":true}]}}