{"id":89545,"date":"2022-11-01T18:16:32","date_gmt":"2022-11-01T21:16:32","guid":{"rendered":"https:\/\/blogdoedvaldomagalhaes.com.br\/?p=89545"},"modified":"2022-11-01T18:37:50","modified_gmt":"2022-11-01T21:37:50","slug":"confira-o-que-abre-e-fecha-no-dia-de-finados-em-caruaru","status":"publish","type":"post","link":"https:\/\/blogdoedvaldomagalhaes.com.br\/index.php\/2022\/11\/01\/confira-o-que-abre-e-fecha-no-dia-de-finados-em-caruaru\/","title":{"rendered":"Confira o que abre e fecha no Dia de Finados em Caruaru"},"content":{"rendered":"<p style=\"text-align: justify;\"><span style=\"color: initial; font-size: revert;\">Nesta quarta-feira (02), n\u00e3o haver\u00e1 expediente para os servidores municipais. Na data, apenas os servi\u00e7os essenciais ser\u00e3o oferecidos.<\/span><\/p>\n<p style=\"text-align: justify;\">Confira abaixo as atividades das secretarias municipais em atua\u00e7\u00e3o, bem como os hor\u00e1rios de funcionamento de alguns espa\u00e7os p\u00fablicos.<\/p>\n<p style=\"text-align: justify;\"><strong>Sa\u00fade<\/strong>: Hospitais, Unidades de Pronto Atendimento (UPA) e Samu estar\u00e3o funcionando normalmente, assim como a vacina\u00e7\u00e3o, que acontece na Via Parque, das 8h at\u00e9 as 18h. J\u00e1 os servi\u00e7os ambulatoriais como os Ambulat\u00f3rios M\u00e9dicos Especializados (AME), as Unidades B\u00e1sicas de Sa\u00fade (UBS) e os Centros de Sa\u00fade (CS) n\u00e3o funcionar\u00e3o na data.<\/p>\n<p style=\"text-align: justify;\"><strong>Secretaria de Servi\u00e7os P\u00fablicos e Sustentabilidade:<\/strong> Os parques urbanos funcionar\u00e3o das 6h \u00e0s 19h. Bem como, o Parque Natural Professor Jo\u00e3o Vasconcelos Sobrinho (Serra dos Cavalos), das 7h \u00e0s 16h. J\u00e1 a coleta de lixo, as manuten\u00e7\u00f5es de ilumina\u00e7\u00e3o p\u00fablica e a limpeza do Rio Ipojuca acontecer\u00e3o normalmente.<\/p>\n<p style=\"text-align: justify;\"><strong>Secretaria de Desenvolvimento Social e Direitos Humanos:<\/strong> Plant\u00e3o do aux\u00edlio funeral pelos telefones (81) 9.8384-2410 e (81) 9.8384-3756. Tamb\u00e9m funciona normalmente o atendimento \u00e0 popula\u00e7\u00e3o em situa\u00e7\u00e3o de rua no Acolhimento Adulto, que fica na rua Alferes Jorge, no bairro Indian\u00f3polis.<\/p>\n<p style=\"text-align: justify;\"><strong>Ceaca<\/strong>: Feira acontece normalmente, com o com\u00e9rcio aberto a partir das 4h, inclusive a Feira de Flores que est\u00e1 sendo realizada na entrada da Ceaca. O setor administrativo estar\u00e1 fechado.<\/p>\n<p style=\"text-align: justify;\"><strong>Secretaria de Pol\u00edtica para Mulheres:<\/strong> Plant\u00e3o do Centro de Refer\u00eancia da Mulher Maria Bonita (acolhimento de mulheres v\u00edtimas de viol\u00eancia) pelo telefone (81) 9.8384-4310.<\/p>\n<p style=\"text-align: justify;\"><strong>Monte do Bom Jesus:<\/strong> Funcionamento das 8h \u00e0s 22h.<\/p>\n<p style=\"text-align: justify;\"><strong>Via Parque<\/strong>: Funcionamento das 6h \u00e0s 22h.<\/p>\n<p style=\"text-align: justify;\">Feira das Capelas: Funciona at\u00e9 as 16h, nesta quarta-feira (02), na Feira de Artesanato, do Parque 18 de maio (pr\u00f3ximo ao Polo Gastron\u00f4mico). A feira oferece aos compradores variedades de itens, dentre eles capelas, velas, rosas, flores artesanais e artificiais.<\/p>\n<p style=\"text-align: justify;\"><strong>Cemit\u00e9rios Municipais<\/strong>: Estar\u00e3o abertos das 5h30 \u00e0s 17h.<\/p>\n<div id=\"chunk-9t6tf\" style=\"text-align: justify;\">\n<p><strong>Centros de Compras e Com\u00e9rcio:\u00a0<\/strong>Com\u00e9rcio e o Parque 18 de Maio podem funcionar das 8h \u00e0s 18h com solicita\u00e7\u00e3o de abertura ao Sindloja;<\/p>\n<\/div>\n<div id=\"chunk-cgg4h\" style=\"text-align: justify;\">\n<p><strong>Caruaru Shopping:\u00a0<\/strong>As lojas, quiosques e servi\u00e7os v\u00e3o estar abertos das 10h \u00e0s 22h; Alimenta\u00e7\u00e3o e Lazer, das 11h \u00e0s 22h; o Big Bompre\u00e7o, das 7h \u00e0s 22h, e o cinema, de acordo com o hor\u00e1rio de sess\u00e3o;<\/p>\n<\/div>\n<div id=\"chunk-2p2om\" style=\"text-align: justify;\">\n<p><strong>Shopping Difusora:<\/strong>\u00a0As lojas, quiosques e pra\u00e7a de alimenta\u00e7\u00e3o funcionam das 11h \u00e0s 20h. O Lounge da Copa, estar\u00e1 aberto normalmente, j\u00e1 o Planet Cinemas funciona de acordo com as sess\u00f5es dos filmes.<\/p>\n<\/div>\n<div id=\"chunk-8ajvd\">\n<p style=\"text-align: justify;\"><strong>Polo Caruaru:<\/strong> O local vai estar aberto das 9h \u00e0s 18h;<\/p>\n<p style=\"text-align: justify;\">Os supermercados podem funcionar normalmente;<\/p>\n<p style=\"text-align: justify;\">Siga o Instagram do Blog do Edvaldo Magalh\u00e3es e se inscreva no canal do Blog no YouTube.<\/p>\n<\/div>\n","protected":false},"excerpt":{"rendered":"<p>Nesta quarta-feira (02), n\u00e3o haver\u00e1 expediente para os servidores municipais. Na data, apenas os servi\u00e7os essenciais ser\u00e3o oferecidos. Confira abaixo&hellip;<\/p>\n","protected":false},"author":1,"featured_media":89547,"comment_status":"closed","ping_status":"open","sticky":false,"template":"","format":"standard","meta":{"footnotes":""},"categories":[14120],"tags":[2,19532,3406,5130],"class_list":["post-89545","post","type-post","status-publish","format-standard","has-post-thumbnail","hentry","category-noticias","tag-blog-do-edvaldo-magalhaes","tag-blog-mais-acessado-e-visualizado-de-caruaru-e-regiao","tag-caruaru","tag-confira-o-que-abre-e-fecha-no-dia-de-finados-em-caruaru"],"_links":{"self":[{"href":"https:\/\/blogdoedvaldomagalhaes.com.br\/index.php\/wp-json\/wp\/v2\/posts\/89545","targetHints":{"allow":["GET"]}}],"collection":[{"href":"https:\/\/blogdoedvaldomagalhaes.com.br\/index.php\/wp-json\/wp\/v2\/posts"}],"about":[{"href":"https:\/\/blogdoedvaldomagalhaes.com.br\/index.php\/wp-json\/wp\/v2\/types\/post"}],"author":[{"embeddable":true,"href":"https:\/\/blogdoedvaldomagalhaes.com.br\/index.php\/wp-json\/wp\/v2\/users\/1"}],"replies":[{"embeddable":true,"href":"https:\/\/blogdoedvaldomagalhaes.com.br\/index.php\/wp-json\/wp\/v2\/comments?post=89545"}],"version-history":[{"count":3,"href":"https:\/\/blogdoedvaldomagalhaes.com.br\/index.php\/wp-json\/wp\/v2\/posts\/89545\/revisions"}],"predecessor-version":[{"id":89550,"href":"https:\/\/blogdoedvaldomagalhaes.com.br\/index.php\/wp-json\/wp\/v2\/posts\/89545\/revisions\/89550"}],"wp:featuredmedia":[{"embeddable":true,"href":"https:\/\/blogdoedvaldomagalhaes.com.br\/index.php\/wp-json\/wp\/v2\/media\/89547"}],"wp:attachment":[{"href":"https:\/\/blogdoedvaldomagalhaes.com.br\/index.php\/wp-json\/wp\/v2\/media?parent=89545"}],"wp:term":[{"taxonomy":"category","embeddable":true,"href":"https:\/\/blogdoedvaldomagalhaes.com.br\/index.php\/wp-json\/wp\/v2\/categories?post=89545"},{"taxonomy":"post_tag","embeddable":true,"href":"https:\/\/blogdoedvaldomagalhaes.com.br\/index.php\/wp-json\/wp\/v2\/tags?post=89545"}],"curies":[{"name":"wp","href":"https:\/\/api.w.org\/{rel}","templated":true}]}}