{"id":89542,"date":"2022-11-01T15:22:36","date_gmt":"2022-11-01T18:22:36","guid":{"rendered":"https:\/\/blogdoedvaldomagalhaes.com.br\/?p=89542"},"modified":"2025-01-31T17:59:08","modified_gmt":"2025-01-31T20:59:08","slug":"casos-de-conjuntivite-disparam-nos-hospitais-do-recife","status":"publish","type":"post","link":"https:\/\/blogdoedvaldomagalhaes.com.br\/index.php\/2022\/11\/01\/casos-de-conjuntivite-disparam-nos-hospitais-do-recife\/","title":{"rendered":"Casos de conjuntivite disparam nos hospitais do Recife"},"content":{"rendered":"<p style=\"text-align: justify;\"><i style=\"font-size: revert; color: initial;\">Unidades chegam a registrar o triplo de casos em compara\u00e7\u00e3o ao mesmo per\u00edodo do ano anterior. Maioria dos pacientes s\u00e3o crian\u00e7as.<\/i><\/p>\n<p style=\"text-align: justify;\"><span style=\"font-weight: 400;\">Os pais devem ficar alertas: os casos de conjuntivite em crian\u00e7as t\u00eam crescido bastante nessa \u00e9poca do ano. Em compara\u00e7\u00e3o ao m\u00eas de setembro de 2021, hospitais do Recife chegam a registrar o triplo de casos no mesmo per\u00edodo desse ano. O aumento tamb\u00e9m foi verificado nos meses de agosto, julho e junho de 2022.\u00a0<\/span><\/p>\n<p style=\"text-align: justify;\"><span style=\"font-weight: 400;\">No Hospital de Olhos de Pernambuco (HOPE), unidade que integra a rede Vision One, mais de 4,3 mil casos de conjuntivite foram registrados nos \u00faltimos tr\u00eas meses, principalmente em crian\u00e7as. O n\u00famero \u00e9 mais do que o dobro do mesmo per\u00edodo do ano passado e representa quase metade dos atendimentos na urg\u00eancia do hospital.<\/span><\/p>\n<p style=\"text-align: justify;\"><span style=\"font-weight: 400;\">&#8220;A gente vem observando nos \u00faltimos dois meses um aumento expressivo do n\u00famero de pacientes com conjuntivite, e na maioria dos casos associados a um quadro gripal. S\u00e3o pacientes que j\u00e1 est\u00e3o gripados e com alguns dias evoluem apresentando sintomas como olho vermelho, sensa\u00e7\u00e3o de ardor, de areia, secre\u00e7\u00e3o principalmente ao acordar e em alguns casos pode ter dor associada\u201d, comenta a oftalmologista Laura Sabino, do HOPE.<\/span><\/p>\n<p style=\"text-align: justify;\"><span style=\"font-weight: 400;\">Laura ainda cita o impacto da pandemia da Covid-19 no problema. \u201cPor causa da pandemia, passamos por um per\u00edodo onde a maioria dos v\u00edrus n\u00e3o circulava. E agora com a retomada de uma vida quase normal, a quase aboli\u00e7\u00e3o das m\u00e1scaras, temos um retorno da circula\u00e7\u00e3o dessas doen\u00e7as. Muitas crian\u00e7as que nasceram neste per\u00edodo n\u00e3o tiveram seu sistema imunol\u00f3gico ativado por essas pequenas viroses e agora elas est\u00e3o tendo uma resposta exacerbada a esses v\u00edrus\u201d, completa a especialista.<\/span><\/p>\n<p style=\"text-align: justify;\"><span style=\"font-weight: 400;\">A conjuntivite \u00e9 a inflama\u00e7\u00e3o da conjuntiva, a membrana transparente que reveste o globo ocular. Ela pode ter causa infecciosa (bact\u00e9rias ou v\u00edrus, geralmente o v\u00edrus do resfriado ou da gripe) ou causa al\u00e9rgica (n\u00e3o contagiosa).\u00a0<\/span><\/p>\n<p style=\"text-align: justify;\"><span style=\"font-weight: 400;\">A conjuntivite infecciosa pode afetar um ou ambos os olhos. A conjuntiva pode ficar vermelha e inchada. Pode haver sensa\u00e7\u00e3o de areia, lacrimejamento ou secre\u00e7\u00e3o, e as p\u00e1lpebras podem ficar inchadas e grudadas, especialmente pela manh\u00e3. A vis\u00e3o pode ficar borrada devido \u00e0s l\u00e1grimas ou secre\u00e7\u00e3o. O paciente tamb\u00e9m pode ter sintomas semelhantes aos da gripe, como dor de garganta, febre, dor muscular e mal-estar geral, se associado a quadro gripal.<\/span><\/p>\n<p style=\"text-align: justify;\"><span style=\"font-weight: 400;\">A oftalmopediatra Patr\u00edcia R\u00eago, do Hospital de Olhos Santa Luzia, que tamb\u00e9m faz parte do grupo Vision One, tamb\u00e9m notou o aumento recente de pacientes com conjuntivite, em especial no p\u00fablico infantil. \u201cNos \u00faltimos dias, tem-se observado um aumento no n\u00famero de atendimentos de crian\u00e7as com queixas de irrita\u00e7\u00e3o e secre\u00e7\u00e3o nos olhos. Muitos desses casos que chegam na urg\u00eancia s\u00e3o quadros de viroses de vias a\u00e9reas, que como consequ\u00eancia da congest\u00e3o nasal, acumulam l\u00e1grimas nos olhos, levando a forma\u00e7\u00e3o de secre\u00e7\u00e3o, na maioria das vezes com regress\u00e3o junto com a cura da virose. Mas tamb\u00e9m podem ser casos que podem evoluir com conjuntivites mais demoradas e sintom\u00e1ticas, como s\u00e3o as adenovirais\u201d, alerta a m\u00e9dica.<\/span><\/p>\n<p style=\"text-align: justify;\"><span style=\"font-weight: 400;\">\u201cCada causa de conjuntivite tem um tratamento espec\u00edfico. A maioria das infec\u00e7\u00f5es resolve-se dentro de 1 a 2 semanas. O tratamento mais comum \u00e9 para al\u00edvio dos sintomas, e consiste de uso de col\u00edrios lubrificantes, compressas frias e limpeza da secre\u00e7\u00e3o. Outras medica\u00e7\u00f5es podem ser necess\u00e1rias, a depender do caso e orienta\u00e7\u00e3o m\u00e9dica. A melhor forma de preven\u00e7\u00e3o \u00e9 a lavagem regular das m\u00e3os e evitar tocar nos olhos. A avalia\u00e7\u00e3o com o oftalmologista \u00e9 fundamental para diagnosticar e orientar o melhor tratamento\u201d, orienta a oftalmologista.\u00a0<\/span><\/p>\n<p style=\"text-align: justify;\"><b>Principais sintomas da conjuntivite<\/b><\/p>\n<p style=\"text-align: justify;\"><span style=\"font-weight: 400;\">\u2013 Olhos vermelhos e lacrimejantes;<\/span><\/p>\n<p style=\"text-align: justify;\"><span style=\"font-weight: 400;\">\u2013 p\u00e1lpebras inchadas;<\/span><\/p>\n<p style=\"text-align: justify;\"><span style=\"font-weight: 400;\">\u2013 sensa\u00e7\u00e3o de areia ou de ciscos nos olhos;<\/span><\/p>\n<p style=\"text-align: justify;\"><span style=\"font-weight: 400;\">\u2013 secre\u00e7\u00e3o purulenta (conjuntivite bacteriana);<\/span><\/p>\n<p style=\"text-align: justify;\"><span style=\"font-weight: 400;\">\u2013 secre\u00e7\u00e3o esbranqui\u00e7ada (conjuntivite viral);<\/span><\/p>\n<p style=\"text-align: justify;\"><span style=\"font-weight: 400;\">\u2013 coceira;<\/span><\/p>\n<p style=\"text-align: justify;\"><span style=\"font-weight: 400;\">\u2013 fotofobia (dor ao olhar para a luz);<\/span><\/p>\n<p style=\"text-align: justify;\"><span style=\"font-weight: 400;\">\u2013 vis\u00e3o borrada;<\/span><\/p>\n<p style=\"text-align: justify;\"><span style=\"font-weight: 400;\">\u2013 p\u00e1lpebras grudadas quando a pessoa acorda.<\/span><\/p>\n<p style=\"text-align: justify;\"><b>Tratamento<\/b><\/p>\n<p style=\"text-align: justify;\"><span style=\"font-weight: 400;\">Segundo o Minist\u00e9rio da Sa\u00fade, o tratamento da conjuntivite \u00e9 determinado pelo agente causador da doen\u00e7a. Para a conjuntivite viral n\u00e3o existem medicamentos espec\u00edficos. J\u00e1, o tratamento da conjuntivite bacteriana inclui a indica\u00e7\u00e3o de col\u00edrios antibi\u00f3ticos, que devem ser prescritos por um m\u00e9dico, pois alguns col\u00edrios s\u00e3o altamente contraindicados, porque podem provocar s\u00e9rias complica\u00e7\u00f5es e agravar o quadro.<\/span><\/p>\n<p style=\"text-align: justify;\"><span style=\"font-weight: 400;\">Cuidados especiais com a higiene ajudam a controlar o cont\u00e1gio e a evolu\u00e7\u00e3o da doen\u00e7a. Qualquer que seja o caso, por\u00e9m, \u00e9 fundamental lavar os olhos e fazer compressas com \u00e1gua gelada, que deve ser filtrada e fervida, ou com soro fisiol\u00f3gico comprado em farm\u00e1cias ou distribu\u00eddo nos postos de sa\u00fade.<\/span><\/p>\n<p style=\"text-align: justify;\"><strong>Preven\u00e7\u00e3o<\/strong><\/p>\n<p style=\"text-align: justify;\"><span style=\"font-weight: 400;\">\u2013 Evitar aglomera\u00e7\u00f5es ou frequentar piscinas de academias ou clubes;<\/span><\/p>\n<p style=\"text-align: justify;\"><span style=\"font-weight: 400;\">&#8211; lavar com frequ\u00eancia o rosto e as m\u00e3os, uma vez que estes s\u00e3o ve\u00edculos importantes para a transmiss\u00e3o de micro-organismos patog\u00eanicos;<\/span><\/p>\n<p style=\"text-align: justify;\"><span style=\"font-weight: 400;\">\u2013 n\u00e3o co\u00e7ar os olhos;<\/span><\/p>\n<p style=\"text-align: justify;\"><span style=\"font-weight: 400;\">\u2013 usar toalhas de papel para enxugar o rosto e as m\u00e3os, ou lavar todos os dias as toalhas de tecido;<\/span><\/p>\n<p style=\"text-align: justify;\"><span style=\"font-weight: 400;\">\u2013 trocar as fronhas dos travesseiros diariamente, enquanto perdurar a crise;<\/span><\/p>\n<p style=\"text-align: justify;\"><span style=\"font-weight: 400;\">\u2013 n\u00e3o compartilhar o uso de esponjas, r\u00edmel, delineadores ou de qualquer outro produto de beleza;<\/span><\/p>\n<p style=\"text-align: justify;\"><span style=\"font-weight: 400;\">\u2013 n\u00e3o se automedique.<br \/>\n(Cr\u00e9dito: Freepik)<br \/>\n<\/span><\/p>\n","protected":false},"excerpt":{"rendered":"<p>Unidades chegam a registrar o triplo de casos em compara\u00e7\u00e3o ao mesmo per\u00edodo do ano anterior. Maioria dos pacientes s\u00e3o&hellip;<\/p>\n","protected":false},"author":1,"featured_media":89543,"comment_status":"closed","ping_status":"open","sticky":false,"template":"","format":"standard","meta":{"footnotes":""},"categories":[14120],"tags":[2,19532,3406,25978],"class_list":["post-89542","post","type-post","status-publish","format-standard","has-post-thumbnail","hentry","category-noticias","tag-blog-do-edvaldo-magalhaes","tag-blog-mais-acessado-e-visualizado-de-caruaru-e-regiao","tag-caruaru","tag-casos-de-conjuntivite-disparam-nos-hospitais-do-recife"],"_links":{"self":[{"href":"https:\/\/blogdoedvaldomagalhaes.com.br\/index.php\/wp-json\/wp\/v2\/posts\/89542","targetHints":{"allow":["GET"]}}],"collection":[{"href":"https:\/\/blogdoedvaldomagalhaes.com.br\/index.php\/wp-json\/wp\/v2\/posts"}],"about":[{"href":"https:\/\/blogdoedvaldomagalhaes.com.br\/index.php\/wp-json\/wp\/v2\/types\/post"}],"author":[{"embeddable":true,"href":"https:\/\/blogdoedvaldomagalhaes.com.br\/index.php\/wp-json\/wp\/v2\/users\/1"}],"replies":[{"embeddable":true,"href":"https:\/\/blogdoedvaldomagalhaes.com.br\/index.php\/wp-json\/wp\/v2\/comments?post=89542"}],"version-history":[{"count":2,"href":"https:\/\/blogdoedvaldomagalhaes.com.br\/index.php\/wp-json\/wp\/v2\/posts\/89542\/revisions"}],"predecessor-version":[{"id":116306,"href":"https:\/\/blogdoedvaldomagalhaes.com.br\/index.php\/wp-json\/wp\/v2\/posts\/89542\/revisions\/116306"}],"wp:featuredmedia":[{"embeddable":true,"href":"https:\/\/blogdoedvaldomagalhaes.com.br\/index.php\/wp-json\/wp\/v2\/media\/89543"}],"wp:attachment":[{"href":"https:\/\/blogdoedvaldomagalhaes.com.br\/index.php\/wp-json\/wp\/v2\/media?parent=89542"}],"wp:term":[{"taxonomy":"category","embeddable":true,"href":"https:\/\/blogdoedvaldomagalhaes.com.br\/index.php\/wp-json\/wp\/v2\/categories?post=89542"},{"taxonomy":"post_tag","embeddable":true,"href":"https:\/\/blogdoedvaldomagalhaes.com.br\/index.php\/wp-json\/wp\/v2\/tags?post=89542"}],"curies":[{"name":"wp","href":"https:\/\/api.w.org\/{rel}","templated":true}]}}