{"id":89539,"date":"2022-10-31T19:54:09","date_gmt":"2022-10-31T22:54:09","guid":{"rendered":"https:\/\/blogdoedvaldomagalhaes.com.br\/?p=89539"},"modified":"2022-10-31T19:54:10","modified_gmt":"2022-10-31T22:54:10","slug":"prefeito-de-agrestina-josue-mendes-anuncia-candidatura-a-reeleicao","status":"publish","type":"post","link":"https:\/\/blogdoedvaldomagalhaes.com.br\/index.php\/2022\/10\/31\/prefeito-de-agrestina-josue-mendes-anuncia-candidatura-a-reeleicao\/","title":{"rendered":"Prefeito de Agrestina, Josu\u00e9 Mendes, anuncia candidatura \u00e0 reelei\u00e7\u00e3o"},"content":{"rendered":"<p style=\"text-align: justify;\"><span style=\"font-size: revert; color: initial;\">Durante as comemora\u00e7\u00f5es da vit\u00f3ria de Lula e Raquel, realizada na noite de ontem (30), o prefeito de Agrestina, Josu\u00e9 Mendes, anunciou que ser\u00e1 candidato \u00e0 reelei\u00e7\u00e3o.<\/span><\/p>\n<p style=\"text-align: justify;\">Mendes est\u00e1 em seu terceiro mandado como prefeito, e dever\u00e1 ser reconduzido ao quarto mandado de prefeito.<\/p>\n<p style=\"text-align: justify;\">\u201dLula est\u00e1 indo para seu terceiro mandato, eu estou no terceiro e vou para o quarto mandato. Abra\u00e7os a todos e muito obrigado de cora\u00e7\u00e3o\u201d. Disse Mendes em seu discurso durante a festa da vit\u00f3ria. Foto: Adriano Monteiro.<\/p>\n<p style=\"text-align: justify;\">Por Jonata Daniel<br \/>\nSiga o Instagram do Blog do Edvaldo Magalh\u00e3es e se inscreva no canal do Blog no YouTube.<\/p>\n","protected":false},"excerpt":{"rendered":"<p>Durante as comemora\u00e7\u00f5es da vit\u00f3ria de Lula e Raquel, realizada na noite de ontem (30), o prefeito de Agrestina, Josu\u00e9&hellip;<\/p>\n","protected":false},"author":1,"featured_media":89540,"comment_status":"closed","ping_status":"open","sticky":false,"template":"","format":"standard","meta":{"footnotes":""},"categories":[14122],"tags":[2,19532,3406,20,25977],"class_list":["post-89539","post","type-post","status-publish","format-standard","has-post-thumbnail","hentry","category-politica","tag-blog-do-edvaldo-magalhaes","tag-blog-mais-acessado-e-visualizado-de-caruaru-e-regiao","tag-caruaru","tag-politica","tag-prefeito-de-agrestina-josue-mendes-anuncia-candidatura-a-reeleicao"],"_links":{"self":[{"href":"https:\/\/blogdoedvaldomagalhaes.com.br\/index.php\/wp-json\/wp\/v2\/posts\/89539","targetHints":{"allow":["GET"]}}],"collection":[{"href":"https:\/\/blogdoedvaldomagalhaes.com.br\/index.php\/wp-json\/wp\/v2\/posts"}],"about":[{"href":"https:\/\/blogdoedvaldomagalhaes.com.br\/index.php\/wp-json\/wp\/v2\/types\/post"}],"author":[{"embeddable":true,"href":"https:\/\/blogdoedvaldomagalhaes.com.br\/index.php\/wp-json\/wp\/v2\/users\/1"}],"replies":[{"embeddable":true,"href":"https:\/\/blogdoedvaldomagalhaes.com.br\/index.php\/wp-json\/wp\/v2\/comments?post=89539"}],"version-history":[{"count":1,"href":"https:\/\/blogdoedvaldomagalhaes.com.br\/index.php\/wp-json\/wp\/v2\/posts\/89539\/revisions"}],"predecessor-version":[{"id":89541,"href":"https:\/\/blogdoedvaldomagalhaes.com.br\/index.php\/wp-json\/wp\/v2\/posts\/89539\/revisions\/89541"}],"wp:featuredmedia":[{"embeddable":true,"href":"https:\/\/blogdoedvaldomagalhaes.com.br\/index.php\/wp-json\/wp\/v2\/media\/89540"}],"wp:attachment":[{"href":"https:\/\/blogdoedvaldomagalhaes.com.br\/index.php\/wp-json\/wp\/v2\/media?parent=89539"}],"wp:term":[{"taxonomy":"category","embeddable":true,"href":"https:\/\/blogdoedvaldomagalhaes.com.br\/index.php\/wp-json\/wp\/v2\/categories?post=89539"},{"taxonomy":"post_tag","embeddable":true,"href":"https:\/\/blogdoedvaldomagalhaes.com.br\/index.php\/wp-json\/wp\/v2\/tags?post=89539"}],"curies":[{"name":"wp","href":"https:\/\/api.w.org\/{rel}","templated":true}]}}