{"id":89535,"date":"2022-10-31T18:20:15","date_gmt":"2022-10-31T21:20:15","guid":{"rendered":"https:\/\/blogdoedvaldomagalhaes.com.br\/?p=89535"},"modified":"2022-10-31T18:20:16","modified_gmt":"2022-10-31T21:20:16","slug":"barbara-florencio-nao-e-mais-secretaria-de-saude-de-caruaru","status":"publish","type":"post","link":"https:\/\/blogdoedvaldomagalhaes.com.br\/index.php\/2022\/10\/31\/barbara-florencio-nao-e-mais-secretaria-de-saude-de-caruaru\/","title":{"rendered":"B\u00e1rbara Flor\u00eancio n\u00e3o \u00e9 mais secret\u00e1ria de Sa\u00fade de Caruaru"},"content":{"rendered":"<p style=\"text-align: justify;\"><span style=\"font-size: revert; color: initial;\">A Prefeitura de Caruaru informa que B\u00e1rbara de Assis Flor\u00eancio n\u00e3o \u00e9 mais secret\u00e1ria de Sa\u00fade de Caruaru. Quem assume a pasta, a partir desta ter\u00e7a-feira (1\u00b0), \u00e9 o secret\u00e1rio executivo George Veloso, que tem vasta experi\u00eancia na \u00e1rea da sa\u00fade.<\/span><\/p>\n<p style=\"text-align: justify;\">B\u00e1rbara sai, tendo prestando um excelente trabalho ao povo de Caruaru. Sua gest\u00e3o teve como marco a entrega da Maternidade Municipal Santa Dulce dos Pobres (MMSDP), que deixou em pleno funcionamento.<\/p>\n<p style=\"text-align: justify;\">A Prefeitura de Caruaru e o prefeito Rodrigo Pinheiro agradecem pelo empenho e dedica\u00e7\u00e3o \u00e0 frente de uma das secretarias mais importantes do munic\u00edpio. B\u00e1rbara entrega o cargo, \u00e0 pedido, para se dedicar a projetos pessoais. Foto: Divulga\u00e7\u00e3o\/PMC.<\/p>\n<p style=\"text-align: justify;\">Siga o Instagram do Blog do Edvaldo Magalh\u00e3es e se inscreva no canal do Blog no YouTube.<\/p>\n","protected":false},"excerpt":{"rendered":"<p>A Prefeitura de Caruaru informa que B\u00e1rbara de Assis Flor\u00eancio n\u00e3o \u00e9 mais secret\u00e1ria de Sa\u00fade de Caruaru. Quem assume&hellip;<\/p>\n","protected":false},"author":1,"featured_media":89536,"comment_status":"closed","ping_status":"open","sticky":false,"template":"","format":"standard","meta":{"footnotes":""},"categories":[14120],"tags":[25976,2,19532,3406],"class_list":["post-89535","post","type-post","status-publish","format-standard","has-post-thumbnail","hentry","category-noticias","tag-barbara-florencio-nao-e-mais-secretaria-de-saude-de-caruaru","tag-blog-do-edvaldo-magalhaes","tag-blog-mais-acessado-e-visualizado-de-caruaru-e-regiao","tag-caruaru"],"_links":{"self":[{"href":"https:\/\/blogdoedvaldomagalhaes.com.br\/index.php\/wp-json\/wp\/v2\/posts\/89535","targetHints":{"allow":["GET"]}}],"collection":[{"href":"https:\/\/blogdoedvaldomagalhaes.com.br\/index.php\/wp-json\/wp\/v2\/posts"}],"about":[{"href":"https:\/\/blogdoedvaldomagalhaes.com.br\/index.php\/wp-json\/wp\/v2\/types\/post"}],"author":[{"embeddable":true,"href":"https:\/\/blogdoedvaldomagalhaes.com.br\/index.php\/wp-json\/wp\/v2\/users\/1"}],"replies":[{"embeddable":true,"href":"https:\/\/blogdoedvaldomagalhaes.com.br\/index.php\/wp-json\/wp\/v2\/comments?post=89535"}],"version-history":[{"count":1,"href":"https:\/\/blogdoedvaldomagalhaes.com.br\/index.php\/wp-json\/wp\/v2\/posts\/89535\/revisions"}],"predecessor-version":[{"id":89537,"href":"https:\/\/blogdoedvaldomagalhaes.com.br\/index.php\/wp-json\/wp\/v2\/posts\/89535\/revisions\/89537"}],"wp:featuredmedia":[{"embeddable":true,"href":"https:\/\/blogdoedvaldomagalhaes.com.br\/index.php\/wp-json\/wp\/v2\/media\/89536"}],"wp:attachment":[{"href":"https:\/\/blogdoedvaldomagalhaes.com.br\/index.php\/wp-json\/wp\/v2\/media?parent=89535"}],"wp:term":[{"taxonomy":"category","embeddable":true,"href":"https:\/\/blogdoedvaldomagalhaes.com.br\/index.php\/wp-json\/wp\/v2\/categories?post=89535"},{"taxonomy":"post_tag","embeddable":true,"href":"https:\/\/blogdoedvaldomagalhaes.com.br\/index.php\/wp-json\/wp\/v2\/tags?post=89535"}],"curies":[{"name":"wp","href":"https:\/\/api.w.org\/{rel}","templated":true}]}}