{"id":89531,"date":"2022-10-31T15:26:34","date_gmt":"2022-10-31T18:26:34","guid":{"rendered":"https:\/\/blogdoedvaldomagalhaes.com.br\/?p=89531"},"modified":"2022-10-31T15:26:36","modified_gmt":"2022-10-31T18:26:36","slug":"raquel-lyra-reforca-compromisso-em-combater-as-desigualdades-e-superar-a-pobreza","status":"publish","type":"post","link":"https:\/\/blogdoedvaldomagalhaes.com.br\/index.php\/2022\/10\/31\/raquel-lyra-reforca-compromisso-em-combater-as-desigualdades-e-superar-a-pobreza\/","title":{"rendered":"Raquel Lyra refor\u00e7a compromisso em combater as desigualdades e superar a pobreza"},"content":{"rendered":"<p style=\"text-align: justify;\"><span style=\"color: initial; font-size: revert;\">A primeira mulher eleita governadora de Pernambuco, Raquel Lyra, iniciou o dia de hoje (31) com v\u00e1rias entrevistas, ao lado da sua vice, Priscila Krause. Em todas elas, refor\u00e7ou que a prioridade do seu governo ser\u00e1 o combate \u00e0s desigualdades e a supera\u00e7\u00e3o da pobreza.<\/span><\/p>\n<p style=\"text-align: justify;\">A governadora eleita falou que \u00e9 hora de desarmar os palanques. &#8220;Pernambuco \u00e9 um s\u00f3. N\u00e3o vamos governar por cores, por bandeiras partid\u00e1rias. Vamos ter um olhar especial para cada recanto do nosso estado, dando oportunidade e oferecendo servi\u00e7o p\u00fablico de qualidade nos lugares onde as pessoas vivem.&#8221;<\/p>\n<p style=\"text-align: justify;\">Raquel adiantou ainda que o mais r\u00e1pido poss\u00edvel ir\u00e1 conversar com o presidente eleito, Lula, para tratar dos temas de Pernambuco e garantir os recursos necess\u00e1rios para que o estado volte ao seu protagonismo. &#8220;Desde ontem, parabenizei o futuro presidente Lula. Assim como Pernambuco, que elegeu a sua governadora com o voto soberano, o Brasil escolheu o seu presidente. Eu sempre disse que, independente de quem vencesse, eu iria bater na porta, e assim ser\u00e1&#8221;, refor\u00e7ou, completando: &#8220;A quest\u00e3o do metr\u00f4 ser\u00e1 uma das pautas que tratarei com ele.&#8221;<\/p>\n<p style=\"text-align: justify;\">Para acabar com a pobreza, Raquel Lyra apresentou a\u00e7\u00f5es do seu Plano de Governo. &#8220;Teremos o programa M\u00e3es de Pernambuco, que vai garantir 300 reais para m\u00e3es com filhos de at\u00e9 seis anos, e o Bom Prato Pernambucano, com restaurantes fixos e m\u00f3veis, com refei\u00e7\u00e3o a pre\u00e7o simb\u00f3lico. Paralelo a isso, tamb\u00e9m vamos garantir oportunidade para gerar emprego e renda&#8221;, ratificou.<\/p>\n<p style=\"text-align: justify;\">Na \u00e1rea da sa\u00fade, a governadora eleita voltou a afirmar que vai construir cinco grandes maternidades, reestruturar o setor, bem como o Sassepe, e, na educa\u00e7\u00e3o, a cria\u00e7\u00e3o de 60 mil novas vagas de creche. A pol\u00edtica p\u00fablica para as minorias tamb\u00e9m foi garantida, com o combate a qualquer tipo de intoler\u00e2ncia, oferecendo acolhimento e oportunidades. Tamb\u00e9m lembrou que vai realizar o Juntos pela Seguran\u00e7a Estadual, a exemplo do que fez em Caruaru, quando reduziu em 50% os homic\u00eddios e em 70% os roubos e furtos.<\/p>\n<p style=\"text-align: justify;\">Quanto \u00e0 forma\u00e7\u00e3o do secretariado, Raquel disse que vai come\u00e7ar pela transi\u00e7\u00e3o e, em seguida, come\u00e7ar\u00e3o as discuss\u00f5es para a composi\u00e7\u00e3o da equipe.<\/p>\n<p style=\"text-align: justify;\">&#8220;O nosso Plano de Governo, que foi constru\u00eddo a muitas m\u00e3os, \u00e9 o nosso guia. Nunca loteei governo, cargo. Isso s\u00e3o valores inegoci\u00e1veis. Muita gente se uniu ao nosso projeto por acreditar nele. Nunca houve nenhum tipo de acordo. N\u00e3o compactuamos com essa pr\u00e1tica da pol\u00edtica velha&#8221;, concluiu.<\/p>\n\n\n<figure class=\"wp-block-image size-large\"><img loading=\"lazy\" decoding=\"async\" width=\"1024\" height=\"682\" src=\"https:\/\/blogdoedvaldomagalhaes.com.br\/wp-content\/uploads\/2022\/10\/IMG-20221031-WA0077-1024x682.jpg\" alt=\"\" class=\"wp-image-89533\" srcset=\"https:\/\/blogdoedvaldomagalhaes.com.br\/wp-content\/uploads\/2022\/10\/IMG-20221031-WA0077-1024x682.jpg 1024w, https:\/\/blogdoedvaldomagalhaes.com.br\/wp-content\/uploads\/2022\/10\/IMG-20221031-WA0077-300x200.jpg 300w, https:\/\/blogdoedvaldomagalhaes.com.br\/wp-content\/uploads\/2022\/10\/IMG-20221031-WA0077-768x512.jpg 768w, https:\/\/blogdoedvaldomagalhaes.com.br\/wp-content\/uploads\/2022\/10\/IMG-20221031-WA0077-1536x1023.jpg 1536w, https:\/\/blogdoedvaldomagalhaes.com.br\/wp-content\/uploads\/2022\/10\/IMG-20221031-WA0077.jpg 1600w\" sizes=\"auto, (max-width: 1024px) 100vw, 1024px\" \/><figcaption>Fotos: Jana\u00edna Pepeu<\/figcaption><\/figure>\n","protected":false},"excerpt":{"rendered":"<p>A primeira mulher eleita governadora de Pernambuco, Raquel Lyra, iniciou o dia de hoje (31) com v\u00e1rias entrevistas, ao lado&hellip;<\/p>\n","protected":false},"author":1,"featured_media":89532,"comment_status":"closed","ping_status":"open","sticky":false,"template":"","format":"standard","meta":{"footnotes":""},"categories":[14122],"tags":[2,19532,3406,19613,20,25975],"class_list":["post-89531","post","type-post","status-publish","format-standard","has-post-thumbnail","hentry","category-politica","tag-blog-do-edvaldo-magalhaes","tag-blog-mais-acessado-e-visualizado-de-caruaru-e-regiao","tag-caruaru","tag-eleicoes","tag-politica","tag-raquel-lyra-reforca-compromisso-em-combater-as-desigualdades-e-superar-a-pobreza"],"_links":{"self":[{"href":"https:\/\/blogdoedvaldomagalhaes.com.br\/index.php\/wp-json\/wp\/v2\/posts\/89531","targetHints":{"allow":["GET"]}}],"collection":[{"href":"https:\/\/blogdoedvaldomagalhaes.com.br\/index.php\/wp-json\/wp\/v2\/posts"}],"about":[{"href":"https:\/\/blogdoedvaldomagalhaes.com.br\/index.php\/wp-json\/wp\/v2\/types\/post"}],"author":[{"embeddable":true,"href":"https:\/\/blogdoedvaldomagalhaes.com.br\/index.php\/wp-json\/wp\/v2\/users\/1"}],"replies":[{"embeddable":true,"href":"https:\/\/blogdoedvaldomagalhaes.com.br\/index.php\/wp-json\/wp\/v2\/comments?post=89531"}],"version-history":[{"count":1,"href":"https:\/\/blogdoedvaldomagalhaes.com.br\/index.php\/wp-json\/wp\/v2\/posts\/89531\/revisions"}],"predecessor-version":[{"id":89534,"href":"https:\/\/blogdoedvaldomagalhaes.com.br\/index.php\/wp-json\/wp\/v2\/posts\/89531\/revisions\/89534"}],"wp:featuredmedia":[{"embeddable":true,"href":"https:\/\/blogdoedvaldomagalhaes.com.br\/index.php\/wp-json\/wp\/v2\/media\/89532"}],"wp:attachment":[{"href":"https:\/\/blogdoedvaldomagalhaes.com.br\/index.php\/wp-json\/wp\/v2\/media?parent=89531"}],"wp:term":[{"taxonomy":"category","embeddable":true,"href":"https:\/\/blogdoedvaldomagalhaes.com.br\/index.php\/wp-json\/wp\/v2\/categories?post=89531"},{"taxonomy":"post_tag","embeddable":true,"href":"https:\/\/blogdoedvaldomagalhaes.com.br\/index.php\/wp-json\/wp\/v2\/tags?post=89531"}],"curies":[{"name":"wp","href":"https:\/\/api.w.org\/{rel}","templated":true}]}}