{"id":89525,"date":"2022-10-31T12:14:27","date_gmt":"2022-10-31T15:14:27","guid":{"rendered":"https:\/\/blogdoedvaldomagalhaes.com.br\/?p=89525"},"modified":"2022-10-31T19:42:12","modified_gmt":"2022-10-31T22:42:12","slug":"prf-divulga-balanco-da-2a-fase-da-operacao-eleicoes-em-pernambuco","status":"publish","type":"post","link":"https:\/\/blogdoedvaldomagalhaes.com.br\/index.php\/2022\/10\/31\/prf-divulga-balanco-da-2a-fase-da-operacao-eleicoes-em-pernambuco\/","title":{"rendered":"PRF divulga balan\u00e7o da 2\u00aa fase da Opera\u00e7\u00e3o Elei\u00e7\u00f5es em Pernambuco"},"content":{"rendered":"<p style=\"text-align: justify;\"><span style=\"color: initial; font-size: revert;\">Entre os dias 27 a 30 de outubro, a Pol\u00edcia Rodovi\u00e1ria Federal intensificou as a\u00e7\u00f5es educativas, de fiscaliza\u00e7\u00e3o e combate ao crime nas rodovias federais de Pernambuco, na segunda etapa da Opera\u00e7\u00e3o Elei\u00e7\u00f5es 2022. Nesse per\u00edodo, n\u00e3o ocorreram flagrantes de crimes eleitorais no estado e foram registrados 36 sinistros, com 37 feridos e tr\u00eas mortes.<\/span><\/p>\n<p style=\"text-align: justify;\">Um dos sinistros mais graves ocorreu por volta das 22h50 de domingo (30), no Km 123,9 da BR 423, em Paranatama, no Agreste do estado. Uma motocicleta acessou a contram\u00e3o da rodovia e colidiu de frente com um \u00f4nibus. O condutor da moto faleceu no local e ningu\u00e9m ficou ferido no coletivo. O motorista do \u00f4nibus realizou o teste do etil\u00f4metro e o resultado foi normal, indicando que ele n\u00e3o havia consumido bebida alco\u00f3lica. Al\u00e9m da PRF, a Pol\u00edcia Civil esteve no local e vai investigar o caso.<\/p>\n<p style=\"text-align: justify;\">Em quatro dias, foram fiscalizados 4.879 ve\u00edculos e 6.923 pessoas, sendo emitidos 2.764 autos de infra\u00e7\u00e3o por diversas irregularidades. Destacam-se 297 autua\u00e7\u00f5es pelo n\u00e3o uso do cinto de seguran\u00e7a, 159 por ultrapassagens em local proibido, 49 pela falta do capacete, 41 pela aus\u00eancia da cadeirinha e 14 pelo uso do celular na dire\u00e7\u00e3o do ve\u00edculo. O combate \u00e0 alcoolemia foi intensificado com a realiza\u00e7\u00e3o de 2.576 testes de etil\u00f4metro, que contribu\u00edram para retirar da rodovia 43 motoristas e deter seis condutores sob efeito de \u00e1lcool.<\/p>\n<p style=\"text-align: justify;\">A fiscaliza\u00e7\u00e3o a ve\u00edculos de carga resultou em 17 autua\u00e7\u00f5es pelo desrespeito \u00e0 Lei do Descanso, outras 17 pela falta do exame toxicol\u00f3gico e 18 pelo transporte de mercadoria com excesso de peso. Ao todo, foram registrados 161,2 toneladas de carga acima do permitido.<\/p>\n<p style=\"text-align: justify;\">As atividades educativas alcan\u00e7aram 711 pessoas e foram prestados 82 aux\u00edlios a motoristas, que tiveram problemas mec\u00e2nicos ou se envolveram em colis\u00f5es sem v\u00edtima. Tamb\u00e9m foram recolhidos 79 animais de grande porte que estavam soltos nas rodovias federais.<\/p>\n<p style=\"text-align: justify;\">As a\u00e7\u00f5es de combate ao crime resultaram na recupera\u00e7\u00e3o de sete ve\u00edculos com registro de roubo\/furto, na apreens\u00e3o de duas armas de fogo, 89 quilos de maconha e 18 comprimidos de anfetamina. Um total de 19 pessoas foram detidas por diversos crimes, como tr\u00e1fico de drogas, recepta\u00e7\u00e3o, porte ilegal de arma e outros crimes. Foto: Divulga\u00e7\u00e3o\/PRF.<\/p>\n<p style=\"text-align: justify;\">Siga o Instagram do Blog do Edvaldo Magalh\u00e3es e se inscreva no canal do Blog no YouTube.<\/p>\n","protected":false},"excerpt":{"rendered":"<p>Entre os dias 27 a 30 de outubro, a Pol\u00edcia Rodovi\u00e1ria Federal intensificou as a\u00e7\u00f5es educativas, de fiscaliza\u00e7\u00e3o e combate&hellip;<\/p>\n","protected":false},"author":1,"featured_media":89526,"comment_status":"closed","ping_status":"open","sticky":false,"template":"","format":"standard","meta":{"footnotes":""},"categories":[14121],"tags":[2,19532,3406,25973],"class_list":["post-89525","post","type-post","status-publish","format-standard","has-post-thumbnail","hentry","category-policial","tag-blog-do-edvaldo-magalhaes","tag-blog-mais-acessado-e-visualizado-de-caruaru-e-regiao","tag-caruaru","tag-prf-divulga-balanco-da-2a-fase-da-operacao-eleicoes-em-pernambuco"],"_links":{"self":[{"href":"https:\/\/blogdoedvaldomagalhaes.com.br\/index.php\/wp-json\/wp\/v2\/posts\/89525","targetHints":{"allow":["GET"]}}],"collection":[{"href":"https:\/\/blogdoedvaldomagalhaes.com.br\/index.php\/wp-json\/wp\/v2\/posts"}],"about":[{"href":"https:\/\/blogdoedvaldomagalhaes.com.br\/index.php\/wp-json\/wp\/v2\/types\/post"}],"author":[{"embeddable":true,"href":"https:\/\/blogdoedvaldomagalhaes.com.br\/index.php\/wp-json\/wp\/v2\/users\/1"}],"replies":[{"embeddable":true,"href":"https:\/\/blogdoedvaldomagalhaes.com.br\/index.php\/wp-json\/wp\/v2\/comments?post=89525"}],"version-history":[{"count":1,"href":"https:\/\/blogdoedvaldomagalhaes.com.br\/index.php\/wp-json\/wp\/v2\/posts\/89525\/revisions"}],"predecessor-version":[{"id":89527,"href":"https:\/\/blogdoedvaldomagalhaes.com.br\/index.php\/wp-json\/wp\/v2\/posts\/89525\/revisions\/89527"}],"wp:featuredmedia":[{"embeddable":true,"href":"https:\/\/blogdoedvaldomagalhaes.com.br\/index.php\/wp-json\/wp\/v2\/media\/89526"}],"wp:attachment":[{"href":"https:\/\/blogdoedvaldomagalhaes.com.br\/index.php\/wp-json\/wp\/v2\/media?parent=89525"}],"wp:term":[{"taxonomy":"category","embeddable":true,"href":"https:\/\/blogdoedvaldomagalhaes.com.br\/index.php\/wp-json\/wp\/v2\/categories?post=89525"},{"taxonomy":"post_tag","embeddable":true,"href":"https:\/\/blogdoedvaldomagalhaes.com.br\/index.php\/wp-json\/wp\/v2\/tags?post=89525"}],"curies":[{"name":"wp","href":"https:\/\/api.w.org\/{rel}","templated":true}]}}