{"id":89522,"date":"2022-10-31T11:42:35","date_gmt":"2022-10-31T14:42:35","guid":{"rendered":"https:\/\/blogdoedvaldomagalhaes.com.br\/?p=89522"},"modified":"2022-10-31T14:44:43","modified_gmt":"2022-10-31T17:44:43","slug":"feira-da-sulanca-funcionara-aos-domingos-e-segundas-no-fim-do-ano","status":"publish","type":"post","link":"https:\/\/blogdoedvaldomagalhaes.com.br\/index.php\/2022\/10\/31\/feira-da-sulanca-funcionara-aos-domingos-e-segundas-no-fim-do-ano\/","title":{"rendered":"Feira da Sulanca funcionar\u00e1 aos domingos e segundas no fim do ano"},"content":{"rendered":"<p style=\"text-align: justify;\"><span style=\"color: initial; font-size: revert;\">A secretaria de Ordem P\u00fablica (Secop), informa que a Feira da Sulanca, no Parque 18 de Maio, nos meses de novembro e dezembro, acontecer\u00e3o aos domingos e segundas-feiras, das 4h at\u00e9 13h.<\/span><\/p>\n<p style=\"text-align: justify;\">Com o fim de ano e a crescente movimenta\u00e7\u00e3o no com\u00e9rcio em raz\u00e3o das festividades de Natal e Ano Novo, foi montado um calend\u00e1rio especial. \u201cAproximadamente, 10 mil feirantes estar\u00e3o comercializando e aquecendo ainda mais o com\u00e9rcio da cidade. Muitos feirantes j\u00e1 est\u00e3o se organizando para essas datas, estaremos recebendo esses compradores da melhor forma poss\u00edvel, para que todos se sintam satisfeitos, vendendo e comprando, com seguran\u00e7a para todos\u201d, afirmou o administrador das feiras do Parque 18 de maio, Capit\u00e3o Ant\u00f4nio Oliveira.<\/p>\n<p style=\"text-align: justify;\">As datas foram acordadas com o Sindicato dos Lojistas do Com\u00e9rcio de Caruaru (Sindloja), a Associa\u00e7\u00e3o Comercial e Empresarial de Caruaru (Acic), a C\u00e2mara de Dirigentes Lojistas de Caruaru (CDL Caruaru), o 4\u00ba Batalh\u00e3o da Pol\u00edcia Militar, a Associa\u00e7\u00e3o dos Artes\u00f5es e Comerciantes da Feira de Artesanato de Caruaru (Aacfac); bem como a Associa\u00e7\u00e3o Uni\u00e3o dos Sulanqueiros (AUS), a Associa\u00e7\u00e3o dos Sulanqueiros Feirantes de Caruaru (Asfac), o Empreendimento Fundac e o Sindicato dos Com\u00e9rcio de Vendedores Ambulantes de Caruaru (Sincovac). Foto: Felipe Correia.<\/p>\n<p style=\"text-align: justify;\">Confira abaixo, as datas da Feira da Sulanca:<br \/>\nNovembro &#8211; 06 e 07; 13 e 14; 20 e 21; 27 e 28;<br \/>\nDezembro &#8211; 04 e 05; 11 e 12; 18 e 19; e 26.<\/p>\n<p style=\"text-align: justify;\">Siga o Instagram do Blog do Edvaldo Magalh\u00e3es e se inscreva no canal do Blog no YouTube.<\/p>\n","protected":false},"excerpt":{"rendered":"<p>A secretaria de Ordem P\u00fablica (Secop), informa que a Feira da Sulanca, no Parque 18 de Maio, nos meses de&hellip;<\/p>\n","protected":false},"author":1,"featured_media":89523,"comment_status":"closed","ping_status":"open","sticky":false,"template":"","format":"standard","meta":{"footnotes":""},"categories":[14120],"tags":[2,19532,3406,25972],"class_list":["post-89522","post","type-post","status-publish","format-standard","has-post-thumbnail","hentry","category-noticias","tag-blog-do-edvaldo-magalhaes","tag-blog-mais-acessado-e-visualizado-de-caruaru-e-regiao","tag-caruaru","tag-feira-da-sulanca-funcionara-aos-domingos-e-segundas-no-fim-do-ano"],"_links":{"self":[{"href":"https:\/\/blogdoedvaldomagalhaes.com.br\/index.php\/wp-json\/wp\/v2\/posts\/89522","targetHints":{"allow":["GET"]}}],"collection":[{"href":"https:\/\/blogdoedvaldomagalhaes.com.br\/index.php\/wp-json\/wp\/v2\/posts"}],"about":[{"href":"https:\/\/blogdoedvaldomagalhaes.com.br\/index.php\/wp-json\/wp\/v2\/types\/post"}],"author":[{"embeddable":true,"href":"https:\/\/blogdoedvaldomagalhaes.com.br\/index.php\/wp-json\/wp\/v2\/users\/1"}],"replies":[{"embeddable":true,"href":"https:\/\/blogdoedvaldomagalhaes.com.br\/index.php\/wp-json\/wp\/v2\/comments?post=89522"}],"version-history":[{"count":1,"href":"https:\/\/blogdoedvaldomagalhaes.com.br\/index.php\/wp-json\/wp\/v2\/posts\/89522\/revisions"}],"predecessor-version":[{"id":89524,"href":"https:\/\/blogdoedvaldomagalhaes.com.br\/index.php\/wp-json\/wp\/v2\/posts\/89522\/revisions\/89524"}],"wp:featuredmedia":[{"embeddable":true,"href":"https:\/\/blogdoedvaldomagalhaes.com.br\/index.php\/wp-json\/wp\/v2\/media\/89523"}],"wp:attachment":[{"href":"https:\/\/blogdoedvaldomagalhaes.com.br\/index.php\/wp-json\/wp\/v2\/media?parent=89522"}],"wp:term":[{"taxonomy":"category","embeddable":true,"href":"https:\/\/blogdoedvaldomagalhaes.com.br\/index.php\/wp-json\/wp\/v2\/categories?post=89522"},{"taxonomy":"post_tag","embeddable":true,"href":"https:\/\/blogdoedvaldomagalhaes.com.br\/index.php\/wp-json\/wp\/v2\/tags?post=89522"}],"curies":[{"name":"wp","href":"https:\/\/api.w.org\/{rel}","templated":true}]}}